{"id":5189,"date":"2023-11-09T17:56:57","date_gmt":"2023-11-09T17:56:57","guid":{"rendered":"https:\/\/pspv-psoevalencia.org\/2023\/11\/09\/els-socialistes-lamenten-la-inaccio-del-pp-i-vox-en-el-barri-dorriols\/"},"modified":"2023-11-09T18:00:04","modified_gmt":"2023-11-09T18:00:04","slug":"els-socialistes-lamenten-la-inaccio-del-pp-i-vox-en-el-barri-dorriols","status":"publish","type":"post","link":"https:\/\/pspv-psoevalencia.org\/va\/2023\/11\/09\/els-socialistes-lamenten-la-inaccio-del-pp-i-vox-en-el-barri-dorriols\/","title":{"rendered":"Els socialistes lamenten la inacci\u00f3 del PP i Vox en el barri d\u2019Orriols"},"content":{"rendered":"\n<ul class=\"has-vivid-red-color has-text-color has-link-color has-medium-font-size wp-block-list wp-elements-99be69a779d20d1de038d690e514f5e8\">\n<li>Mar\u00eda P\u00e9rez exigeix a Catal\u00e1 que passe \u201cde les paraules buides als fets i es pose a treballar per a atallar la inseguretat\u201d<\/li>\n\n\n\n<li>\u201cEls barris no poden esperar que el PP i Vox s&#8217;asseguen a estudiar els seus problemes quan ja tenen solucions de l&#8217;anterior govern progressista\u201d<\/li>\n<\/ul>\n\n<p><b>La regidora socialista Mar\u00eda P\u00e9rez ha lamentat que Catal\u00e1 s&#8217;haja assegut per primera vegada amb els ve\u00efns i ve\u00efnes d\u2019Orriols despr\u00e9s de m\u00e9s de quatre mesos de mandat i quan la situaci\u00f3 en el barri s&#8217;ha convertit en insostenible \u201ca conseq\u00fc\u00e8ncia de la falta de lideratge pol\u00edtic i el desgovern en la Policia Local, on ni tan sols s&#8217;ha arribat a un acord per a mobilitzar als agents que han d&#8217;encarregar-se de la conviv\u00e8ncia\u201d. \u201c\u00c9s molt trist que la senyora Catal\u00e1 nom\u00e9s s&#8217;haja assegut amb els ve\u00efns i ve\u00efnes d\u2019Orriols despr\u00e9s que els socialistes critic\u00e0rem el seu absolut aband\u00f3 a un barri que sempre va comptar amb el suport de l&#8217;anterior govern progressista\u201d, ha manifestat P\u00e9rez.<\/b><\/p>\n\n<p>La regidora socialista ha subratllat que en Orriols \u201cno valen ja les paraules i les propostes buides de Catal\u00e1 sin\u00f3 el treball constant de les delegacions municipals que han de vetlar per la bona conviv\u00e8ncia en el barri. No coneixem encara ni una proposta social del PP i Vox perqu\u00e8 es recupere la normalitat en el barri. Aquest govern no pot dependre exclusivament que la Policia Nacional i la Delegaci\u00f3 del Govern actue als carrers d\u2019Orriols mentre la senyora Catal\u00e1 segueix de bra\u00e7os plegats. El govern municipal ha de despertar d&#8217;una vegada, posar-se a treballar i evitar que la inseguretat s&#8217;ensenyorisca dels nostres barris per culpa de la falta de direcci\u00f3 en la Regidoria de Policia Local\u201d, ha afegit.<\/p>\n\n<p>\u201cLa senyora Catal\u00e1, el PP i Vox no poden fer una radiografia i un estudi de cada problema en cada barri perqu\u00e8, a m\u00e9s de que demostren la seua ignor\u00e0ncia dels problemes que t\u00e9 aquesta ciutat, els ve\u00efns i ve\u00efnes no poden esperar. I m\u00e9s quan tenen a la seua m\u00e0 les solucions que deixem des de l&#8217;anterior govern progressista. En lloc de donar-se temps per a pensar, el que ha de fer Catal\u00e1 \u00e9s actuar d&#8217;una vegada i continuar el treball que deixem fet els socialistes\u201d, ha dit. <\/p>\n\n<p>En aquest sentit, P\u00e9rez ha recordat que els delictes i la inseguretat estan creixent a un ritme rapid\u00edssim des de fa uns mesos. \u201cHa augmentat el nombre de delictes, batusses i apunyalaments en els \u00faltims mesos fins al punt que els ve\u00efns i ve\u00efnes ja no poden m\u00e9s\u201d, ha alertat i ha posat en valor el treball que l&#8217;anterior Corporaci\u00f3 va dur a terme per a abordar de manera transversal la situaci\u00f3 de barri. <\/p>\n\n<p>L&#8217;edil ha reiterat que Orriols est\u00e0 en una situaci\u00f3 de \u201cinseguretat sincerament aclaparadora, amb una sensaci\u00f3 d&#8217;inseguretat inadmissible mentre que l&#8217;Ajuntament de Val\u00e8ncia mostra una absoluta falta d&#8217;atenci\u00f3 i de comprom\u00eds per part de Catal\u00e1 que no ha plantejat ni una sola nova idea, ni un projecte, ni una inversi\u00f3. Aix\u00ed ha recordat que despr\u00e9s de 24 anys d&#8217;aband\u00f3 del PP, amb el canvi de govern en 2015 es va donar resposta a reivindicacions ve\u00efnals com obrir el forat de la vergonya, crear un parc en la pla\u00e7a de Sant Jer\u00f2nim o crear una superilla que posara en valor el nucli hist\u00f2ric del barri\u201d. <\/p>\n\n<p>\u201cHi ha una falta absoluta de lideratge i d&#8217;inter\u00e9s pol\u00edtic que, sincerament, ens preocupa perqu\u00e8 es tracta d&#8217;una \u00e0rea tan important per a la nostra ciutat\u201d, ha afirmat i ha posat l&#8217;accent que la regidoria de Seguretat \u00e9s \u201cl&#8217;\u00e0rea pitjor gestionada i pitjor liderada a l&#8217;Ajuntament de Val\u00e8ncia\u201d.<\/p>\n","protected":false},"excerpt":{"rendered":"<p>La regidora socialista Mar\u00eda P\u00e9rez ha lamentat que Catal\u00e1 s&#8217;haja assegut per primera vegada amb els ve\u00efns i ve\u00efnes d\u2019Orriols despr\u00e9s de m\u00e9s de quatre mesos de mandat i quan la situaci\u00f3 en el barri s&#8217;ha convertit en insostenible \u201ca conseq\u00fc\u00e8ncia de la falta de lideratge pol\u00edtic i el desgovern en la Policia Local, on [&hellip;]<\/p>\n","protected":false},"author":2,"featured_media":4970,"comment_status":"open","ping_status":"closed","sticky":false,"template":"","format":"standard","meta":{"_acf_changed":false,"footnotes":""},"categories":[47,21],"tags":[78,326,324,74,168,53,120,325,142,161,51,50,48,49,54],"class_list":["post-5189","post","type-post","status-publish","format-standard","has-post-thumbnail","hentry","category-nota-de-prensa-va","category-noticia-va","tag-barris","tag-convivencia-va","tag-delinquencia","tag-gestio","tag-inseguretat","tag-maria-jose-catala-va","tag-maria-perez-va","tag-orriols-va","tag-policia-va","tag-policia-local-va","tag-pp-va","tag-pspv-psoe-va","tag-sandra-gomez-va","tag-socialistes","tag-vox-va"],"acf":[],"_links":{"self":[{"href":"https:\/\/pspv-psoevalencia.org\/va\/wp-json\/wp\/v2\/posts\/5189","targetHints":{"allow":["GET"]}}],"collection":[{"href":"https:\/\/pspv-psoevalencia.org\/va\/wp-json\/wp\/v2\/posts"}],"about":[{"href":"https:\/\/pspv-psoevalencia.org\/va\/wp-json\/wp\/v2\/types\/post"}],"author":[{"embeddable":true,"href":"https:\/\/pspv-psoevalencia.org\/va\/wp-json\/wp\/v2\/users\/2"}],"replies":[{"embeddable":true,"href":"https:\/\/pspv-psoevalencia.org\/va\/wp-json\/wp\/v2\/comments?post=5189"}],"version-history":[{"count":1,"href":"https:\/\/pspv-psoevalencia.org\/va\/wp-json\/wp\/v2\/posts\/5189\/revisions"}],"predecessor-version":[{"id":5190,"href":"https:\/\/pspv-psoevalencia.org\/va\/wp-json\/wp\/v2\/posts\/5189\/revisions\/5190"}],"wp:featuredmedia":[{"embeddable":true,"href":"https:\/\/pspv-psoevalencia.org\/va\/wp-json\/wp\/v2\/media\/4970"}],"wp:attachment":[{"href":"https:\/\/pspv-psoevalencia.org\/va\/wp-json\/wp\/v2\/media?parent=5189"}],"wp:term":[{"taxonomy":"category","embeddable":true,"href":"https:\/\/pspv-psoevalencia.org\/va\/wp-json\/wp\/v2\/categories?post=5189"},{"taxonomy":"post_tag","embeddable":true,"href":"https:\/\/pspv-psoevalencia.org\/va\/wp-json\/wp\/v2\/tags?post=5189"}],"curies":[{"name":"wp","href":"https:\/\/api.w.org\/{rel}","templated":true}]}}