{"id":5040,"date":"2023-10-18T13:20:03","date_gmt":"2023-10-18T13:20:03","guid":{"rendered":"https:\/\/pspv-psoevalencia.org\/2023\/10\/18\/gomez-denuncia-el-pacte-ocult-de-catala-per-a-regalar-lajuntament-a-la-ultradreta\/"},"modified":"2023-10-18T13:23:38","modified_gmt":"2023-10-18T13:23:38","slug":"gomez-denuncia-el-pacte-ocult-de-catala-per-a-regalar-lajuntament-a-la-ultradreta","status":"publish","type":"post","link":"https:\/\/pspv-psoevalencia.org\/va\/2023\/10\/18\/gomez-denuncia-el-pacte-ocult-de-catala-per-a-regalar-lajuntament-a-la-ultradreta\/","title":{"rendered":"G\u00f3mez denuncia el pacte ocult de Catal\u00e1 per a regalar l&#8217;Ajuntament a la ultradreta"},"content":{"rendered":"\n<h2 class=\"wp-block-heading has-vivid-red-color has-text-color has-medium-font-size\">La portaveu socialista critica l&#8217;aprovaci\u00f3 de les ordenances fiscals que obliguen a retallar 70 milions d&#8217;inversi\u00f3 i de serveis <\/h2>\n\n<p>\u00a0<\/p>\n\n<p><strong>La portaveu socialista a Val\u00e8ncia, Sandra G\u00f3mez, ha denunciat el nou \u201cpacte del tovall\u00f3\u201d entre PP i Vox a l&#8217;Ajuntament que ha propiciat que Catal\u00e1 \u201cli regale esta ciutat a la ultradreta\u201d. \u201c\u00c9s un mal dia per a esta ciutat perqu\u00e8 \u00e9s obvi que s&#8217;ha produ\u00eft l&#8217;acord global de Catal\u00e1 amb el grup ultra. El portaveu de Vox va dir alt i clar que no aprovaria les ordenances fiscals si no hi havia un pacte total i hui hem vist com li donava el vistiplau a eixa estafa fiscal que va dissenyar el PP. Com a Partit Socialista no participarem ni validarem este engany p\u00fablic, eixe pacte de la vergonya que ens estan intentant ocultar. Exigim transpar\u00e8ncia i que la senyora Catal\u00e1 explique a canvi de quin ha regalat el futur de la nostra ciutat a la ultradreta\u201d, ha manifestat en la seua intervenci\u00f3 davant els mitjans de comunicaci\u00f3 despr\u00e9s de la comissi\u00f3 d&#8217;Hisenda.<\/strong><\/p>\n\n<p>La portaveu socialista ha assenyalat a Catal\u00e1 com a responsable directa de \u201ctrossejar l&#8217;Ajuntament\u201d per a entregar-li&#8217;l a la ultradreta de Vox \u201cperqu\u00e8 va encap\u00e7alar les negociacions\u201d amb el portaveu del grup ultra a Val\u00e8ncia i el diputat nacional Gil L\u00e1zaro. \u201cNo ens enganyaran. Ahir estos corredors els recorria el senyor Gil L\u00e1zaro, diputat nacional de Vox, que m&#8217;imagine que segurament va sobrat de treball i t\u00e9 temps per a poder negociar les ordenances fiscals de Val\u00e8ncia. Crec que \u00e9s obvi que hi ha un acord dels partits a Madrid, que han for\u00e7at i han fet que Catal\u00e1 torne a pegar una cabot\u00e0 i arribe a un acord\u201d, ha continuat. <\/p>\n\n<p>En este sentit, G\u00f3mez ha criticat la \u201cfalta de voluntat\u201d de Catal\u00e1 per a parlar amb l&#8217;oposici\u00f3 i consensuar iniciatives. \u201cTenia molt f\u00e0cil fer una altra cosa. Podia parlar amb altres grups pol\u00edtics, no feia falta regalar-li este Ajuntament i el futur de Val\u00e8ncia a la dreta. Eixa falta de tarann\u00e0 democr\u00e0tic, d&#8217;entendre que est\u00e0 en minoria, que no pot aplicar cap corr\u00f3, l&#8217;ha portada a decidir que siga el grup ultra el que determine el futur d&#8217;esta ciutat\u201d. <\/p>\n\n<p><strong>Retallades de serveis i inversions<\/strong><\/p>\n\n<p>La l\u00edder dels socialistes a la ciutat ha ressaltat, igualment, el \u201ctremend perjudici\u201d que suposar\u00e0 l&#8217;ordenan\u00e7a fiscal que ha aprovat Catal\u00e1 amb Vox. \u201cEstes ordenances fiscals \u00e9s una retallada de 70 milions sense matisos. Poden intentar adornar-ho o ocultar-ho, per\u00f2 \u00e9s una retallada de 70 milions que es traslladar\u00e0 directament a la prestaci\u00f3 de serveis i a les inversions en els barris encara que pretenguen amagar-lo\u201d, ha explicat.<\/p>\n\n<p>G\u00f3mez ha assenyalat que el PP ja ha anunciat la paralitzaci\u00f3 d&#8217;importants projectes de reurbanitzaci\u00f3 a la ciutat. \u201cEs tracta d&#8217;iniciatives que Catal\u00e1 ha deixat en l&#8217;aire. Precisament, en la comissi\u00f3 d&#8217;Urbanisme ens han anunciat que revisaran tots els concursos que estaven en marxa per a veure quins caben i quins no caben en el pressupost. I \u00e9s que poden fer els comptes com vulguen, per\u00f2 un pressupost que aprova una rebaixa fiscal de 70 milions d&#8217;euros tindr\u00e0 s\u00ed o s\u00ed una retallada de 70 milions en inversi\u00f3 per als barris i en drets com el programa d&#8217;activitats per als majors de la ciutat\u201d.<\/p>\n\n<p>La portaveu socialista s&#8217;ha preguntat \u201cquina ser\u00e0 la seg\u00fcent tisorada, qu\u00e8 \u00e9s el que la senyora Catal\u00e1 ha regalat al grup ultra per a traure cap avant les ordenances fiscals? Quins drets, quines inversions i quins serveis p\u00fablics ha acordat amb la ultradreta esta ciutat que ens minvar\u00e0 a canvi d&#8217;eixe vot favorable\u201d, ha finalitzat.<\/p>\n","protected":false},"excerpt":{"rendered":"<p>La portaveu socialista critica l&#8217;aprovaci\u00f3 de les ordenances fiscals que obliguen a retallar 70 milions d&#8217;inversi\u00f3 i de serveis \u00a0 La portaveu socialista a Val\u00e8ncia, Sandra G\u00f3mez, ha denunciat el nou \u201cpacte del tovall\u00f3\u201d entre PP i Vox a l&#8217;Ajuntament que ha propiciat que Catal\u00e1 \u201cli regale esta ciutat a la ultradreta\u201d. \u201c\u00c9s un mal [&hellip;]<\/p>\n","protected":false},"author":2,"featured_media":5038,"comment_status":"open","ping_status":"closed","sticky":false,"template":"","format":"standard","meta":{"_acf_changed":false,"footnotes":""},"categories":[47,21,23],"tags":[78,74,53,51,50,75,48,49,54],"class_list":["post-5040","post","type-post","status-publish","format-standard","has-post-thumbnail","hentry","category-nota-de-prensa-va","category-noticia-va","category-sandra_dia-va","tag-barris","tag-gestio","tag-maria-jose-catala-va","tag-pp-va","tag-pspv-psoe-va","tag-ruina-va","tag-sandra-gomez-va","tag-socialistes","tag-vox-va"],"acf":[],"_links":{"self":[{"href":"https:\/\/pspv-psoevalencia.org\/va\/wp-json\/wp\/v2\/posts\/5040","targetHints":{"allow":["GET"]}}],"collection":[{"href":"https:\/\/pspv-psoevalencia.org\/va\/wp-json\/wp\/v2\/posts"}],"about":[{"href":"https:\/\/pspv-psoevalencia.org\/va\/wp-json\/wp\/v2\/types\/post"}],"author":[{"embeddable":true,"href":"https:\/\/pspv-psoevalencia.org\/va\/wp-json\/wp\/v2\/users\/2"}],"replies":[{"embeddable":true,"href":"https:\/\/pspv-psoevalencia.org\/va\/wp-json\/wp\/v2\/comments?post=5040"}],"version-history":[{"count":1,"href":"https:\/\/pspv-psoevalencia.org\/va\/wp-json\/wp\/v2\/posts\/5040\/revisions"}],"predecessor-version":[{"id":5041,"href":"https:\/\/pspv-psoevalencia.org\/va\/wp-json\/wp\/v2\/posts\/5040\/revisions\/5041"}],"wp:featuredmedia":[{"embeddable":true,"href":"https:\/\/pspv-psoevalencia.org\/va\/wp-json\/wp\/v2\/media\/5038"}],"wp:attachment":[{"href":"https:\/\/pspv-psoevalencia.org\/va\/wp-json\/wp\/v2\/media?parent=5040"}],"wp:term":[{"taxonomy":"category","embeddable":true,"href":"https:\/\/pspv-psoevalencia.org\/va\/wp-json\/wp\/v2\/categories?post=5040"},{"taxonomy":"post_tag","embeddable":true,"href":"https:\/\/pspv-psoevalencia.org\/va\/wp-json\/wp\/v2\/tags?post=5040"}],"curies":[{"name":"wp","href":"https:\/\/api.w.org\/{rel}","templated":true}]}}