{"id":13604,"date":"2026-09-04T12:27:23","date_gmt":"2026-09-04T12:27:23","guid":{"rendered":"https:\/\/pspv-psoevalencia.org\/2026\/09\/04\/el-pspv-exigeix-a-catala-que-cessament-a-gosalbez-despres-de-confirmar-se-la-nefasta-gestio-de-la-devesa\/"},"modified":"2026-09-04T12:29:21","modified_gmt":"2026-09-04T12:29:21","slug":"el-pspv-exigeix-a-catala-que-cessament-a-gosalbez-despres-de-confirmar-se-la-nefasta-gestio-de-la-devesa","status":"publish","type":"post","link":"https:\/\/pspv-psoevalencia.org\/va\/2026\/09\/04\/el-pspv-exigeix-a-catala-que-cessament-a-gosalbez-despres-de-confirmar-se-la-nefasta-gestio-de-la-devesa\/","title":{"rendered":"El PSPV exigeix a Catal\u00e1 que cessament a Gos\u00e1lbez despr\u00e9s de confirmar-se la nefasta gesti\u00f3 de la Devesa"},"content":{"rendered":"\n<ul class=\"wp-block-list\">\n<li class=\"has-vivid-red-color has-text-color has-link-color has-medium-font-size wp-elements-1\">Borja Santamar\u00eda denuncia la descoordinaci\u00f3 dels serveis municipals i responsabilitza a Catal\u00e1 de posar al capdavant del Parc Natural a un regidor negacionista clim\u00e0tic<\/li>\n\n\n\n<li class=\"has-vivid-red-color has-text-color has-link-color has-medium-font-size wp-elements-2\">\u201cQui exigeix tant fora del govern i no fa res dins, no pot seguir en el c\u00e0rrec. Per aix\u00f2, presentarem una moci\u00f3 exigint el seu cessament immediat a la senyora Catal\u00e1\u201d<\/li>\n<\/ul>\n\n<p class=\"wp-block-paragraph\"><strong>(Val\u00e8ncia, 4\/9\/2026) El regidor socialista a l&#8217;Ajuntament de Val\u00e8ncia Borja Santamar\u00eda ha anunciat que el Grup Municipal Socialista presentar\u00e0 una moci\u00f3 per a exigir el cessament immediat de Jos\u00e9 Gos\u00e1lbez com a regidor responsable de la Devesa-Albufera despr\u00e9s que els propis serveis municipals hagen confirmat els problemes d&#8217;acc\u00e9s que van trobar els bombers durant l&#8217;incendi i la insufici\u00e8ncia de mitjans per a complir totes les actuacions previstes en el pla contra incendis del Parc Natural.<\/strong><\/p>\n\n<p class=\"wp-block-paragraph\">Santamar\u00eda ha assenyalat que la informaci\u00f3 coneguda durant la junta extraordin\u00e0ria de Protecci\u00f3 Civil confirma la negligent gesti\u00f3 del govern de Mar\u00eda Jos\u00e9 Catal\u00e1 i la falta de coordinaci\u00f3 dels serveis municipals en la protecci\u00f3 i el manteniment de la Devesa. Els socialistes consideren especialment greu que els bombers reconegueren que no van poder accedir a algunes zones durant l&#8217;incendi per l&#8217;abundant mala herba acumulada.<\/p>\n\n<p class=\"wp-block-paragraph\">\u201c37 hect\u00e0rees calcinades. Un informe dels propis bombers confirma que no van poder accedir a zones cr\u00edtiques per la mala herba acumulada. I el propi cap del servei de la Devesa Albufera el va recon\u00e9ixer. No tenen mitjans suficients per a fer el seu treball. El responsable de tot aix\u00f2, Jos\u00e9 Gos\u00e1lbez, regidor de Vox, el mateix que durant anys va exigir a l&#8217;anterior govern una bona gesti\u00f3 de la Devesa. Ara t\u00e9 les compet\u00e8ncies, t\u00e9 la responsabilitat i no ha fet res i se li ha cremat la Devesa. Per aix\u00f2 presentarem una moci\u00f3 demanant el seu cessament\u201d.<\/p>\n\n<p class=\"wp-block-paragraph\">Per a Santamar\u00eda, la situaci\u00f3 confirma que el problema no pot continuar tractant-se com un episodi a\u00efllat. La falta de coordinaci\u00f3 entre els serveis municipals, les dificultats per a accedir a zones cr\u00edtiques i la insufici\u00e8ncia de mitjans per a complir les fites del pla contra incendis reflecteixen, segons ha denunciat, una gesti\u00f3 negligent d&#8217;un espai natural que requereix una protecci\u00f3 permanent.<\/p>\n\n<p class=\"wp-block-paragraph\"><strong>Catal\u00e1 mant\u00e9 a un negacionista clim\u00e0tic<\/strong><\/p>\n\n<p class=\"wp-block-paragraph\">L&#8217;edil socialista ha responsabilitzat directament a Mar\u00eda Jos\u00e9 Catal\u00e1 de la situaci\u00f3 per haver posat al capdavant de la Devesa-Albufera a Jos\u00e9 Gos\u00e1lbez, un regidor de Vox i negacionista clim\u00e0tic, i per mantindre&#8217;l en el c\u00e0rrec malgrat les greus defici\u00e8ncies que s&#8217;han posat de manifest despr\u00e9s de l&#8217;incendi. \u201cQui exigeix tant fora del govern i no fa res dins, no pot seguir en el c\u00e0rrec. I mentrestant, la m\u00e0xima responsable, l&#8217;alcaldessa Catal\u00e1, calla com sempre, per\u00f2 no fa res per a protegir el Parc Natural\u201d, ha finalitzat.<\/p>\n","protected":false},"excerpt":{"rendered":"<p>(Val\u00e8ncia, 4\/9\/2026) El regidor socialista a l&#8217;Ajuntament de Val\u00e8ncia Borja Santamar\u00eda ha anunciat que el Grup Municipal Socialista presentar\u00e0 una moci\u00f3 per a exigir el cessament immediat de Jos\u00e9 Gos\u00e1lbez com a regidor responsable de la Devesa-Albufera despr\u00e9s que els propis serveis municipals hagen confirmat els problemes d&#8217;acc\u00e9s que van trobar els bombers durant l&#8217;incendi [&hellip;]<\/p>\n","protected":false},"author":6,"featured_media":11288,"comment_status":"open","ping_status":"closed","sticky":false,"template":"","format":"standard","meta":{"_acf_changed":false,"footnotes":""},"categories":[47,21],"tags":[78,1169,783,1084,1081,74,1135,775,2407,53,2378,704,780,2408,51,50,2409,75,49,54],"class_list":["post-13604","post","type-post","status-publish","format-standard","has-post-thumbnail","hentry","category-nota-de-prensa-va","category-noticia-va","tag-barris","tag-bombers","tag-canvi-climatic","tag-devesa-va","tag-el-saler-va","tag-gestio","tag-gosalbez-va","tag-incendi","tag-mala-herba","tag-maria-jose-catala-va","tag-mitjans-insuficients","tag-negacionisme","tag-parc-natural","tag-perill","tag-pp-va","tag-pspv-psoe-va","tag-risc","tag-ruina-va","tag-socialistes","tag-vox-va"],"acf":[],"_links":{"self":[{"href":"https:\/\/pspv-psoevalencia.org\/va\/wp-json\/wp\/v2\/posts\/13604","targetHints":{"allow":["GET"]}}],"collection":[{"href":"https:\/\/pspv-psoevalencia.org\/va\/wp-json\/wp\/v2\/posts"}],"about":[{"href":"https:\/\/pspv-psoevalencia.org\/va\/wp-json\/wp\/v2\/types\/post"}],"author":[{"embeddable":true,"href":"https:\/\/pspv-psoevalencia.org\/va\/wp-json\/wp\/v2\/users\/6"}],"replies":[{"embeddable":true,"href":"https:\/\/pspv-psoevalencia.org\/va\/wp-json\/wp\/v2\/comments?post=13604"}],"version-history":[{"count":1,"href":"https:\/\/pspv-psoevalencia.org\/va\/wp-json\/wp\/v2\/posts\/13604\/revisions"}],"predecessor-version":[{"id":13605,"href":"https:\/\/pspv-psoevalencia.org\/va\/wp-json\/wp\/v2\/posts\/13604\/revisions\/13605"}],"wp:featuredmedia":[{"embeddable":true,"href":"https:\/\/pspv-psoevalencia.org\/va\/wp-json\/wp\/v2\/media\/11288"}],"wp:attachment":[{"href":"https:\/\/pspv-psoevalencia.org\/va\/wp-json\/wp\/v2\/media?parent=13604"}],"wp:term":[{"taxonomy":"category","embeddable":true,"href":"https:\/\/pspv-psoevalencia.org\/va\/wp-json\/wp\/v2\/categories?post=13604"},{"taxonomy":"post_tag","embeddable":true,"href":"https:\/\/pspv-psoevalencia.org\/va\/wp-json\/wp\/v2\/tags?post=13604"}],"curies":[{"name":"wp","href":"https:\/\/api.w.org\/{rel}","templated":true}]}}