{"id":13600,"date":"2026-09-04T12:12:43","date_gmt":"2026-09-04T12:12:43","guid":{"rendered":"https:\/\/pspv-psoevalencia.org\/2026\/09\/04\/catala-perdona-el-70-del-deute-del-consell-amb-lemt-i-posa-en-escac-la-viabilitat-de-lemt\/"},"modified":"2026-09-04T12:14:23","modified_gmt":"2026-09-04T12:14:23","slug":"catala-perdona-el-70-del-deute-del-consell-amb-lemt-i-posa-en-escac-la-viabilitat-de-lemt","status":"publish","type":"post","link":"https:\/\/pspv-psoevalencia.org\/va\/2026\/09\/04\/catala-perdona-el-70-del-deute-del-consell-amb-lemt-i-posa-en-escac-la-viabilitat-de-lemt\/","title":{"rendered":"Catal\u00e1 perdona el 70% del deute del Consell amb l&#8217;EMT i posa en escac la viabilitat de l&#8217;EMT"},"content":{"rendered":"\n<ul class=\"wp-block-list\">\n<li class=\"has-vivid-red-color has-text-color has-link-color has-medium-font-size wp-elements-1\">Elisa Val\u00eda acusa l&#8217;alcaldessa de tornar a claudicar davant les imposicions del Consell del PP a costa de perjudicar encara m\u00e9s el transport p\u00fablic i dels ve\u00efns i ve\u00efnes de Val\u00e8ncia<\/li>\n\n\n\n<li class=\"has-vivid-red-color has-text-color has-link-color has-medium-font-size wp-elements-2\">\u201cLa nova claudicaci\u00f3 de Catal\u00e1 davant la Generalitat suposa un forat per a l&#8217;EMT de 26 milions d&#8217;euros i un nou empitjorament del servei de transports\u201d<\/li>\n<\/ul>\n\n<p class=\"wp-block-paragraph\"><strong>(Val\u00e8ncia, 4\/9\/2026) La regidora socialista de l&#8217;Ajuntament de Val\u00e8ncia Elisa Val\u00eda ha denunciat que el govern de Mar\u00eda Jos\u00e9 Catal\u00e1 perdonar\u00e0 la deuda de l&#8217;Autoritat del Transport Metropolitana amb l&#8217;EMT en un acord que, segons ha advertit, deixar\u00e0 un forat de 26 milions d&#8217;euros per a l&#8217;empresa municipal i empitjorar\u00e0 encara m\u00e9s el servei dels autobusos urbans.<\/strong><\/p>\n\n<p class=\"wp-block-paragraph\">Val\u00eda ha criticat que Catal\u00e1 haja tornat a acceptar les imposicions de la Generalitat Valenciana sense defensar els interessos de Val\u00e8ncia ni reclamar els recursos que corresponen a l&#8217;EMT. \u201cLa claudicaci\u00f3 de Mar\u00eda Jos\u00e9 Catal\u00e1 davant la Generalitat suposa un forat per a l&#8217;EMT de 26 milions d&#8217;euros, al marge que tinguem una alcaldessa que no reclama mai res, que no defensa els interessos de la ciutat, que no defensa en aquest cas els interessos de l&#8217;EMT amb la import\u00e0ncia que aix\u00f2 t\u00e9 com a servei p\u00fablic per a garantir la mobilitat dels ve\u00efns i ve\u00efnes de Val\u00e8ncia. L&#8217;EMT t\u00e9 un problema greu ara amb aquest forat provocat per la Generalitat Valenciana\u201d, ha incidit.<\/p>\n\n<p class=\"wp-block-paragraph\">L&#8217;edil socialista ha denunciat que el govern municipal haja presentat com un \u00e8xit un acord que suposa que l&#8217;Ajuntament assumisca una part majorit\u00e0ria del deute que la Generalitat mantenia amb l&#8217;EMT. \u201cEl govern de la senyora Catal\u00e1 va traure ahir una nota triomfalista anunciant un acord que suposa claudicar i que suposa que l&#8217;ajuntament assumisca quasi un 70% del que ens devia el Consell de P\u00e9rez Llorca. A m\u00e9s de la deterioraci\u00f3 que aix\u00f2 pot suposar en la prestaci\u00f3 del servei, que s&#8217;acumula a la deterioraci\u00f3 que pateix aquest servei p\u00fablic des que Mar\u00eda Jos\u00e9 Catal\u00e1 \u00e9s alcaldessa, aix\u00f2 pot suposar que es comprometen els comptes del propi ajuntament i que per tant afecte altres serveis p\u00fablics\u201d, ha continuat.<\/p>\n\n<p class=\"wp-block-paragraph\"><strong>El transport urb\u00e0, comprom\u00e9s<\/strong><\/p>\n\n<p class=\"wp-block-paragraph\">Val\u00eda ha advertit que la p\u00e8rdua de 26 milions d&#8217;euros per a l&#8217;EMT pot comprometre la prestaci\u00f3 d&#8217;un servei p\u00fablic fonamental per a la ciutat i ha acusat a Catal\u00e1 d&#8217;anteposar la seua relaci\u00f3 amb el govern auton\u00f2mic del Partit Popular a la defensa dels interessos de Val\u00e8ncia. La regidora socialista ha insistit que la falta d&#8217;una posici\u00f3 ferma per part de l&#8217;alcaldessa enfront de la Generalitat torna a traduir-se en un perjudici per als ve\u00efns i ve\u00efnes i per als serveis p\u00fablics municipals. \u201cMentre Catal\u00e1 accepta les imposicions del Consell del PP, la ciutat perd recursos que haurien de destinar-se a garantir i refor\u00e7ar la mobilitat p\u00fablica\u201d, ha denunciat.&#13;\n&#13;\n\u201cDes del Partit Socialista li exigim a la senyora Catal\u00e1 que isca p\u00fablicament, no solament a anunciar l&#8217;acord, sin\u00f3 a explicar com solucionar\u00e0 el problema de 26 milions d&#8217;euros que tenim damunt de la taula i que ha generat la Generalitat Valenciana\u201d, ha finalitzat.&#13;\n<\/p>\n","protected":false},"excerpt":{"rendered":"<p>(Val\u00e8ncia, 4\/9\/2026) La regidora socialista de l&#8217;Ajuntament de Val\u00e8ncia Elisa Val\u00eda ha denunciat que el govern de Mar\u00eda Jos\u00e9 Catal\u00e1 perdonar\u00e0 la deuda de l&#8217;Autoritat del Transport Metropolitana amb l&#8217;EMT en un acord que, segons ha advertit, deixar\u00e0 un forat de 26 milions d&#8217;euros per a l&#8217;empresa municipal i empitjorar\u00e0 encara m\u00e9s el servei dels [&hellip;]<\/p>\n","protected":false},"author":6,"featured_media":13345,"comment_status":"open","ping_status":"closed","sticky":false,"template":"","format":"standard","meta":{"_acf_changed":false,"footnotes":""},"categories":[47,21],"tags":[2402,208,78,451,2403,2400,1552,260,1812,2399,74,53,2401,51,50,75,49,63,54],"class_list":["post-13600","post","type-post","status-publish","format-standard","has-post-thumbnail","hentry","category-nota-de-prensa-va","category-noticia-va","tag-acord","tag-autobusos","tag-barris","tag-catala-va","tag-claudicar","tag-consell","tag-desistiment","tag-deubte","tag-empijorament","tag-emt-transport","tag-gestio","tag-maria-jose-catala-va","tag-perjudicar","tag-pp-va","tag-pspv-psoe-va","tag-ruina-va","tag-socialistes","tag-transport","tag-vox-va"],"acf":[],"_links":{"self":[{"href":"https:\/\/pspv-psoevalencia.org\/va\/wp-json\/wp\/v2\/posts\/13600","targetHints":{"allow":["GET"]}}],"collection":[{"href":"https:\/\/pspv-psoevalencia.org\/va\/wp-json\/wp\/v2\/posts"}],"about":[{"href":"https:\/\/pspv-psoevalencia.org\/va\/wp-json\/wp\/v2\/types\/post"}],"author":[{"embeddable":true,"href":"https:\/\/pspv-psoevalencia.org\/va\/wp-json\/wp\/v2\/users\/6"}],"replies":[{"embeddable":true,"href":"https:\/\/pspv-psoevalencia.org\/va\/wp-json\/wp\/v2\/comments?post=13600"}],"version-history":[{"count":1,"href":"https:\/\/pspv-psoevalencia.org\/va\/wp-json\/wp\/v2\/posts\/13600\/revisions"}],"predecessor-version":[{"id":13601,"href":"https:\/\/pspv-psoevalencia.org\/va\/wp-json\/wp\/v2\/posts\/13600\/revisions\/13601"}],"wp:featuredmedia":[{"embeddable":true,"href":"https:\/\/pspv-psoevalencia.org\/va\/wp-json\/wp\/v2\/media\/13345"}],"wp:attachment":[{"href":"https:\/\/pspv-psoevalencia.org\/va\/wp-json\/wp\/v2\/media?parent=13600"}],"wp:term":[{"taxonomy":"category","embeddable":true,"href":"https:\/\/pspv-psoevalencia.org\/va\/wp-json\/wp\/v2\/categories?post=13600"},{"taxonomy":"post_tag","embeddable":true,"href":"https:\/\/pspv-psoevalencia.org\/va\/wp-json\/wp\/v2\/tags?post=13600"}],"curies":[{"name":"wp","href":"https:\/\/api.w.org\/{rel}","templated":true}]}}