{"id":13596,"date":"2026-09-02T12:39:11","date_gmt":"2026-09-02T12:39:11","guid":{"rendered":"https:\/\/pspv-psoevalencia.org\/2026\/09\/02\/la-junta-de-proteccio-civil-no-pot-ser-un-paperot-per-a-tapar-la-negligencia-de-catala-en-lincendi-del-saler\/"},"modified":"2026-09-03T12:42:25","modified_gmt":"2026-09-03T12:42:25","slug":"la-junta-de-proteccio-civil-no-pot-ser-un-paperot-per-a-tapar-la-negligencia-de-catala-en-lincendi-del-saler","status":"publish","type":"post","link":"https:\/\/pspv-psoevalencia.org\/va\/2026\/09\/02\/la-junta-de-proteccio-civil-no-pot-ser-un-paperot-per-a-tapar-la-negligencia-de-catala-en-lincendi-del-saler\/","title":{"rendered":"La Junta de Protecci\u00f3 Civil no pot ser un paperot per a tapar la neglig\u00e8ncia de Catal\u00e1 en l&#8217;incendi del Saler"},"content":{"rendered":"\n<ul class=\"wp-block-list\">\n<li class=\"has-vivid-red-color has-text-color has-link-color has-medium-font-size wp-elements-1\">Santamar\u00eda denuncia que Catal\u00e1 no inverteix, va deixar la gesti\u00f3 del parc natural en mans de Vox, est\u00e0 creant un relat plagat de falsedats i pret\u00e9n impedir que es fiscalitze la seua gesti\u00f3<\/li>\n<\/ul>\n\n<p class=\"wp-block-paragraph\"><strong>(Val\u00e8ncia, 2\/09\/2026) El regidor del Grup Municipal Socialista Borja Santamar\u00eda ha denunciat hui que el govern de Mar\u00eda Jos\u00e9 Catal\u00e1 \u201cpret\u00e9n convertir la Junta Local de Protecci\u00f3 Civil convocada per a dem\u00e0 per a abordar l&#8217;incendi del Saler en un nou paperot\u201d. En aquests termes s&#8217;ha manifestat en constatar que la convocat\u00f2ria cont\u00e9 un \u00fanic punt del dia i no preveu precs i preguntes\u201d. \u201cLa Junta Local de Protecci\u00f3 Civil es reuneix dem\u00e0 amb un \u00fanic punt en l&#8217;ordre del dia sobre l&#8217;incendi en el Saler. I fins ac\u00ed, normal. El que no \u00e9s normal \u00e9s que el govern de Catal\u00e1 pretenga que ens asseguem, escoltem i no parlem\u201d, ha subratllat. <\/strong><\/p>\n\n<p class=\"wp-block-paragraph\">(Val\u00e8ncia, 2\/09\/2026) El regidor del Grup Municipal Socialista Borja Santamar\u00eda ha denunciat hui que el govern de Mar\u00eda Jos\u00e9 Catal\u00e1 \u201cpret\u00e9n convertir la Junta Local de Protecci\u00f3 Civil convocada per a dem\u00e0 per a abordar l&#8217;incendi del Saler en un nou paperot\u201d. En aquests termes s&#8217;ha manifestat en constatar que la convocat\u00f2ria cont\u00e9 un \u00fanic punt del dia i no preveu precs i preguntes\u201d. \u201cLa Junta Local de Protecci\u00f3 Civil es reuneix dem\u00e0 amb un \u00fanic punt en l&#8217;ordre del dia sobre l&#8217;incendi en el Saler. I fins ac\u00ed, normal. El que no \u00e9s normal \u00e9s que el govern de Catal\u00e1 pretenga que ens asseguem, escoltem i no parlem\u201d, ha subratllat. <\/p>\n\n<p class=\"wp-block-paragraph\">Santamar\u00eda ha considerat \u201cespecialment greu\u201d que Mar\u00eda Jos\u00e9 Catal\u00e1 \u201ctracte de limitar la fiscalitzaci\u00f3 pol\u00edtica\u201d despr\u00e9s d&#8217;una gesti\u00f3 del parc natural \u201cmarcada per la falta d&#8217;execuci\u00f3 de les inversions previstes, per la seua decisi\u00f3 de deixar la Devesa-Albufera en mans de Vox i la construcci\u00f3 d&#8217;un relat plagat de falsedats\u201d. <\/p>\n\n<p class=\"wp-block-paragraph\">\u201cCatal\u00e1 no est\u00e0 a l&#8217;altura de la responsabilitat de gestionar i protegir un dels espais naturals m\u00e9s importants de Val\u00e8ncia\u201d, ha assegurat. Per al regidor socialista, \u201cimpedir la participaci\u00f3 i la labor de fiscalitzaci\u00f3 de l&#8217;oposici\u00f3 nom\u00e9s serveix per a intentar tapar la seua neglig\u00e8ncia i evitar donar explicacions sobretot el que no es va fer abans de l&#8217;incendi\u201d.&#13;\nBorja Santamar\u00eda ha insistit que el govern municipal \u201cno pot amagar la seua falta de prevenci\u00f3 darrere d&#8217;anuncis sobre actuacions futures\u201d. \u201cAra Catal\u00e1 parla de reforestaci\u00f3 i del que far\u00e0, per\u00f2 dem\u00e0 ha d&#8217;explicar, sobretot, qu\u00e8 va fer abans de l&#8217;incendi, quines inversions va executar, quines mesures preventives va adoptar i per qu\u00e8 considera adequat mantindre la gesti\u00f3 de la Devesa-Albufera en mans de Vox\u201d, ha concl\u00f2s.<\/p>\n\n<p class=\"wp-block-paragraph\"><\/p>\n","protected":false},"excerpt":{"rendered":"<p>(Val\u00e8ncia, 2\/09\/2026) El regidor del Grup Municipal Socialista Borja Santamar\u00eda ha denunciat hui que el govern de Mar\u00eda Jos\u00e9 Catal\u00e1 \u201cpret\u00e9n convertir la Junta Local de Protecci\u00f3 Civil convocada per a dem\u00e0 per a abordar l&#8217;incendi del Saler en un nou paperot\u201d. En aquests termes s&#8217;ha manifestat en constatar que la convocat\u00f2ria cont\u00e9 un \u00fanic [&hellip;]<\/p>\n","protected":false},"author":6,"featured_media":11288,"comment_status":"open","ping_status":"closed","sticky":false,"template":"","format":"standard","meta":{"_acf_changed":false,"footnotes":""},"categories":[47,21],"tags":[78,1024,2393,2371,1082,320,74,775,53,2392,780,2044,51,227,50,75,774,49,54],"class_list":["post-13596","post","type-post","status-publish","format-standard","has-post-thumbnail","hentry","category-nota-de-prensa-va","category-noticia-va","tag-barris","tag-descoordinacio","tag-falsedats","tag-flames","tag-foc","tag-gestio-va","tag-gestio","tag-incendi","tag-maria-jose-catala-va","tag-nefasta-gestio","tag-parc-natural","tag-pilar-bernabe-va","tag-pp-va","tag-proteccio","tag-pspv-psoe-va","tag-ruina-va","tag-saler-va","tag-socialistes","tag-vox-va"],"acf":[],"_links":{"self":[{"href":"https:\/\/pspv-psoevalencia.org\/va\/wp-json\/wp\/v2\/posts\/13596","targetHints":{"allow":["GET"]}}],"collection":[{"href":"https:\/\/pspv-psoevalencia.org\/va\/wp-json\/wp\/v2\/posts"}],"about":[{"href":"https:\/\/pspv-psoevalencia.org\/va\/wp-json\/wp\/v2\/types\/post"}],"author":[{"embeddable":true,"href":"https:\/\/pspv-psoevalencia.org\/va\/wp-json\/wp\/v2\/users\/6"}],"replies":[{"embeddable":true,"href":"https:\/\/pspv-psoevalencia.org\/va\/wp-json\/wp\/v2\/comments?post=13596"}],"version-history":[{"count":1,"href":"https:\/\/pspv-psoevalencia.org\/va\/wp-json\/wp\/v2\/posts\/13596\/revisions"}],"predecessor-version":[{"id":13597,"href":"https:\/\/pspv-psoevalencia.org\/va\/wp-json\/wp\/v2\/posts\/13596\/revisions\/13597"}],"wp:featuredmedia":[{"embeddable":true,"href":"https:\/\/pspv-psoevalencia.org\/va\/wp-json\/wp\/v2\/media\/11288"}],"wp:attachment":[{"href":"https:\/\/pspv-psoevalencia.org\/va\/wp-json\/wp\/v2\/media?parent=13596"}],"wp:term":[{"taxonomy":"category","embeddable":true,"href":"https:\/\/pspv-psoevalencia.org\/va\/wp-json\/wp\/v2\/categories?post=13596"},{"taxonomy":"post_tag","embeddable":true,"href":"https:\/\/pspv-psoevalencia.org\/va\/wp-json\/wp\/v2\/tags?post=13596"}],"curies":[{"name":"wp","href":"https:\/\/api.w.org\/{rel}","templated":true}]}}