{"id":13592,"date":"2026-09-02T12:32:45","date_gmt":"2026-09-02T12:32:45","guid":{"rendered":"https:\/\/pspv-psoevalencia.org\/2026\/09\/02\/el-pspv-exigeix-a-catala-que-reforce-la-seguretat-dels-museus-municipals-despres-dels-ultims-robatoris\/"},"modified":"2026-09-03T12:37:46","modified_gmt":"2026-09-03T12:37:46","slug":"el-pspv-exigeix-a-catala-que-reforce-la-seguretat-dels-museus-municipals-despres-dels-ultims-robatoris","status":"publish","type":"post","link":"https:\/\/pspv-psoevalencia.org\/va\/2026\/09\/02\/el-pspv-exigeix-a-catala-que-reforce-la-seguretat-dels-museus-municipals-despres-dels-ultims-robatoris\/","title":{"rendered":"El PSPV exigeix a Catal\u00e1 que reforce la seguretat dels museus municipals despr\u00e9s dels \u00faltims robatoris"},"content":{"rendered":"\n<ul class=\"wp-block-list\">\n<li class=\"has-vivid-red-color has-text-color has-link-color has-medium-font-size wp-elements-1\">Maite Ib\u00e1\u00f1ez reclama que el govern municipal estenga al conjunt de les col\u00b7leccions municipals les mesures de protecci\u00f3 refor\u00e7ades en el Museu de la Ciutat per la col\u00b7lecci\u00f3 de Sorolla<\/li>\n\n\n\n<li class=\"has-vivid-red-color has-text-color has-link-color has-medium-font-size wp-elements-2\">\u201cSol\u00b7licitarem que es revise i s&#8217;augmenten les mesures de seguretat i que els museus de la ciutat siguen un espai de gaudi despr\u00e9s dels assalts als museus d&#8217;Albacete i Villena\u201d<\/li>\n<\/ul>\n\n<p class=\"wp-block-paragraph\"><strong>(Val\u00e8ncia, 2\/9\/2026) La regidora socialista de l&#8217;Ajuntament de Val\u00e8ncia Maite Ib\u00e1\u00f1ez ha exigit al govern de Mar\u00eda Jos\u00e9 Catal\u00e1 que reforce les mesures de seguretat de tots els museus municipals despr\u00e9s dels \u00faltims robatoris registrats en museus espanyols i dels advertiments traslladats per a augmentar la protecci\u00f3 de les col\u00b7leccions. Els socialistes reclamen que l&#8217;Ajuntament revise les mesures existents i estenga el refor\u00e7 de la vigil\u00e0ncia al conjunt dels fons patrimonials municipals.<\/strong><\/p>\n\n<p class=\"wp-block-paragraph\">Ib\u00e1\u00f1ez ha recordat que l&#8217;Ajuntament va anunciar durant el mes d&#8217;agost passat una inversi\u00f3 de 300.000 euros per a millorar la vigil\u00e0ncia del Museu de la Ciutat davant l&#8217;arribada dels quadres de Sorolla, per\u00f2 ha advertit que aquesta inversi\u00f3 ha de servir tamb\u00e9 per a refor\u00e7ar la protecci\u00f3 de la resta de museus i de les col\u00b7leccions municipals.<\/p>\n\n<p class=\"wp-block-paragraph\">\u201cDesgraciadament, des dels \u00faltims mesos hem conegut una s\u00e8rie de robatoris en diversos museus espanyols i tant l&#8217;Europol com el Ministeri de Cultura han demanat un refor\u00e7 per a la seguretat de les col\u00b7leccions. Per\u00f2 en aquests moments, no coneixem per part de la senyora Catal\u00e1 cap mesura extraordin\u00e0ria per als museus municipals. Vam llegir aquest mes d&#8217;agost que l&#8217;ajuntament havia invertit 300.000 euros per a millorar la vigil\u00e0ncia del Museu de la Ciutat davant l&#8217;arribada dels quadres de Sorolla. I des del Partit Socialista demanem que es reforce tamb\u00e9 la seguretat de la resta dels museus municipals davant la situaci\u00f3 que s&#8217;ha produ\u00eft amb els robatoris en altres localitats\u201d, ha apuntat.<\/p>\n\n<p class=\"wp-block-paragraph\">La regidora socialista ha assenyalat que la protecci\u00f3 del patrimoni municipal exigeix una resposta que abast al conjunt dels museus de la ciutat i que garantisca unes condicions adequades per a la conservaci\u00f3 i seguretat dels seus fons. En aquest sentit, ha reclamat al govern municipal que aprofite la possibilitat d&#8217;ampliar les mesures adoptades en el Museu de la Ciutat.<\/p>\n\n<p class=\"wp-block-paragraph\"><strong>Protegir el patrimoni<\/strong><\/p>\n\n<p class=\"wp-block-paragraph\">\u201cL&#8217;ajuntament t\u00e9 ara la possibilitat d&#8217;ampliar eixa inversi\u00f3 a la resta de tresors i de col\u00b7leccions, garantint d&#8217;una forma m\u00e9s efica\u00e7 la conservaci\u00f3 dels fons patrimonials de Val\u00e8ncia. Per aix\u00f2, sol\u00b7licitarem que es revise i es reforcen les mesures de seguretat i que els museus de la ciutat siguen un espai de gaudi per a la cultura, per\u00f2 tamb\u00e9 siguen llocs m\u00e9s protegits davant qualsevol robatori\u201d, ha continuat.&#13;\nEl Grup Municipal Socialista ha insistit que el govern de Catal\u00e1 ha d&#8217;actuar amb previsi\u00f3 i refor\u00e7ar la protecci\u00f3 dels museus municipals per a evitar que la seguretat del patrimoni depenga d&#8217;actuacions puntuals. Per als socialistes, cuidar les col\u00b7leccions de Val\u00e8ncia implica garantir que els espais que conserven i mostren el patrimoni de la ciutat compten amb les mesures necess\u00e0ries per a la seua adequada protecci\u00f3.&#13;\n<\/p>\n","protected":false},"excerpt":{"rendered":"<p>(Val\u00e8ncia, 2\/9\/2026) La regidora socialista de l&#8217;Ajuntament de Val\u00e8ncia Maite Ib\u00e1\u00f1ez ha exigit al govern de Mar\u00eda Jos\u00e9 Catal\u00e1 que reforce les mesures de seguretat de tots els museus municipals despr\u00e9s dels \u00faltims robatoris registrats en museus espanyols i dels advertiments traslladats per a augmentar la protecci\u00f3 de les col\u00b7leccions. Els socialistes reclamen que l&#8217;Ajuntament [&hellip;]<\/p>\n","protected":false},"author":6,"featured_media":13383,"comment_status":"open","ping_status":"closed","sticky":false,"template":"","format":"standard","meta":{"_acf_changed":false,"footnotes":""},"categories":[47,21],"tags":[2388,78,74,379,53,2386,226,2044,51,50,2385,75,49,2389,2387,54],"class_list":["post-13592","post","type-post","status-publish","format-standard","has-post-thumbnail","hentry","category-nota-de-prensa-va","category-noticia-va","tag-albacete","tag-barris","tag-gestio","tag-maite-ibanez-va","tag-maria-jose-catala-va","tag-museus","tag-patrimoni","tag-pilar-bernabe-va","tag-pp-va","tag-pspv-psoe-va","tag-robatoris","tag-ruina-va","tag-socialistes","tag-vigilancia","tag-villena","tag-vox-va"],"acf":[],"_links":{"self":[{"href":"https:\/\/pspv-psoevalencia.org\/va\/wp-json\/wp\/v2\/posts\/13592","targetHints":{"allow":["GET"]}}],"collection":[{"href":"https:\/\/pspv-psoevalencia.org\/va\/wp-json\/wp\/v2\/posts"}],"about":[{"href":"https:\/\/pspv-psoevalencia.org\/va\/wp-json\/wp\/v2\/types\/post"}],"author":[{"embeddable":true,"href":"https:\/\/pspv-psoevalencia.org\/va\/wp-json\/wp\/v2\/users\/6"}],"replies":[{"embeddable":true,"href":"https:\/\/pspv-psoevalencia.org\/va\/wp-json\/wp\/v2\/comments?post=13592"}],"version-history":[{"count":1,"href":"https:\/\/pspv-psoevalencia.org\/va\/wp-json\/wp\/v2\/posts\/13592\/revisions"}],"predecessor-version":[{"id":13593,"href":"https:\/\/pspv-psoevalencia.org\/va\/wp-json\/wp\/v2\/posts\/13592\/revisions\/13593"}],"wp:featuredmedia":[{"embeddable":true,"href":"https:\/\/pspv-psoevalencia.org\/va\/wp-json\/wp\/v2\/media\/13383"}],"wp:attachment":[{"href":"https:\/\/pspv-psoevalencia.org\/va\/wp-json\/wp\/v2\/media?parent=13592"}],"wp:term":[{"taxonomy":"category","embeddable":true,"href":"https:\/\/pspv-psoevalencia.org\/va\/wp-json\/wp\/v2\/categories?post=13592"},{"taxonomy":"post_tag","embeddable":true,"href":"https:\/\/pspv-psoevalencia.org\/va\/wp-json\/wp\/v2\/tags?post=13592"}],"curies":[{"name":"wp","href":"https:\/\/api.w.org\/{rel}","templated":true}]}}