{"id":13588,"date":"2026-09-03T12:27:12","date_gmt":"2026-09-03T12:27:12","guid":{"rendered":"https:\/\/pspv-psoevalencia.org\/2026\/09\/03\/catala-queda-en-evidencia-per-la-descoordinacio-en-la-proteccio-de-la-devesa-del-saler\/"},"modified":"2026-09-03T12:29:30","modified_gmt":"2026-09-03T12:29:30","slug":"catala-queda-en-evidencia-per-la-descoordinacio-en-la-proteccio-de-la-devesa-del-saler","status":"publish","type":"post","link":"https:\/\/pspv-psoevalencia.org\/va\/2026\/09\/03\/catala-queda-en-evidencia-per-la-descoordinacio-en-la-proteccio-de-la-devesa-del-saler\/","title":{"rendered":"Catal\u00e1 queda en evid\u00e8ncia per la descoordinaci\u00f3 en la protecci\u00f3 de la Devesa del Saler"},"content":{"rendered":"\n<ul class=\"wp-block-list\">\n<li class=\"has-vivid-red-color has-text-color has-link-color has-medium-font-size wp-elements-1\">Borja Santamar\u00eda denuncia que la junta extraordin\u00e0ria de Protecci\u00f3 Civil ha confirmat la \u201cnegligent gesti\u00f3 del govern municipal i l&#8217;aband\u00f3 del manteniment\u201d del Parc Natural<\/li>\n\n\n\n<li class=\"has-vivid-red-color has-text-color has-link-color has-medium-font-size wp-elements-2\">\u201cEl cap de servei ha reconegut que la Devesa, amb el PP i Vox, compta amb una contracta que \u00e9s incapa\u00e7 de complir amb cadascun dels punts que dicta el Pla Municipal contra Incendis\u201d<\/li>\n<\/ul>\n\n<p class=\"wp-block-paragraph\"><strong>(Val\u00e8ncia, 3\/9\/2026) El regidor socialista de l&#8217;Ajuntament de Val\u00e8ncia Borja Santamar\u00eda ha denunciat que la junta extraordin\u00e0ria de Protecci\u00f3 Civil per l&#8217;\u00faltim incendi a la Devesa del Saler que ha calcinat 37 hect\u00e0rees ha confirmat la \u201cdescoordinaci\u00f3\u201d dels serveis municipals i la \u201cnegligent gesti\u00f3\u201d del govern de Mar\u00eda Jos\u00e9 Catal\u00e1 a la Devesa del Saler. L&#8217;edil ha advertit que la informaci\u00f3 traslladada durant la reuni\u00f3 evidencia greus problemes tant en el manteniment com en la capacitat dels mitjans disponibles per a atendre adequadament un incendi com el que va sacsejar el parc natural.<\/strong><\/p>\n\n<p class=\"wp-block-paragraph\">Santamar\u00eda ha assenyalat que els propis bombers van traslladar durant la junta les dificultats amb les quals es van trobar a la Devesa i ha criticat la falta d&#8217;explicacions del govern municipal davant una situaci\u00f3 que, segons ha denunciat, demostra la falta de gesti\u00f3 i de planificaci\u00f3 de Catal\u00e1 en El Saler.<\/p>\n\n<p class=\"wp-block-paragraph\">\u201cEls bombers s&#8217;han trobat amb una situaci\u00f3 de la Devesa en la qual ni tan sols podien accedir a la zona de les flames per a treballar en l&#8217;extinci\u00f3 per l&#8217;enorme quantitat de mala herba existent. Abans de res aix\u00f2 i despr\u00e9s de l&#8217;informe que ha fet bombers, el regidor de Devesa Albufera, el responsable i un dels quals m\u00e9s explicacions hauria d&#8217;oferir, ha decidit al\u00e7ar-se i marxar-se sense dir ni mitja paraula ni justificar la perillosa situaci\u00f3 en la qual es trobava la Devesa\u201d, ha relatat.<\/p>\n\n<p class=\"wp-block-paragraph\">El regidor socialista ha retret al responsable municipal de la Devesa-Albufera, el portaveu de Vox nomenat per Catal\u00e1 per a gestionar el Parc Natural malgrat el seu declarat *negacionismo clim\u00e0tic, que abandonara la reuni\u00f3 sense donar explicacions despr\u00e9s de con\u00e9ixer-se el contingut de l&#8217;informe dels bombers.<\/p>\n\n<p class=\"wp-block-paragraph\"><strong>Mitjans insuficients<\/strong><\/p>\n\n<p class=\"wp-block-paragraph\">Santamar\u00eda ha destacat, a m\u00e9s, que durant la pr\u00f2pia junta es va recon\u00e9ixer que el servei de Devesa-Albufera compta amb mitjans insuficients per a desenvolupar totes les actuacions que ha d&#8217;assumir. Una circumst\u00e0ncia que, per als socialistes, confirma la \u201cfalta de planificaci\u00f3 i la deterioraci\u00f3 de la gesti\u00f3 municipal\u201d d&#8217;un espai natural que requereix una protecci\u00f3 i un manteniment adequats.<\/p>\n\n<p class=\"wp-block-paragraph\">\u201cLa Devesa Albufera, dit pel seu cap de servei en la junta, compta amb mitjans insuficients per a fer totes les actuacions que han de fer. Perqu\u00e8 ha dit literalment que la Devesa Albufera hui dia compta amb una una contracta que \u00e9s incapa\u00e7 de portar cadascun dels punts que diu el Pla Municipal de Protecci\u00f3 i i de risc d&#8217;incendis de Devesa Albufera\u201d, ha remarcat a l&#8217;eixida de la junta de protecci\u00f3.<\/p>\n\n<p class=\"wp-block-paragraph\">L&#8217;edil socialista ha advertit que la descoordinaci\u00f3 entre els serveis municipals i la insufici\u00e8ncia dels mitjans disponibles no poden continuar sent la resposta de l&#8217;Ajuntament davant les necessitats de protecci\u00f3 i manteniment de la Devesa. Per al Grup Municipal Socialista, l&#8217;ocorregut confirma la necessitat d&#8217;abandonar la improvisaci\u00f3 i afrontar amb serietat la gesti\u00f3 d&#8217;aquest espai. Per aix\u00f2, ha exigit a Catal\u00e1 que assumisca les seues responsabilitats, done explicacions sobre la situaci\u00f3 que es van trobar els bombers i garantisca els mitjans necessaris per a complir totes les actuacions previstes per a la protecci\u00f3 de la Devesa-Albufera.<\/p>\n","protected":false},"excerpt":{"rendered":"<p>(Val\u00e8ncia, 3\/9\/2026) El regidor socialista de l&#8217;Ajuntament de Val\u00e8ncia Borja Santamar\u00eda ha denunciat que la junta extraordin\u00e0ria de Protecci\u00f3 Civil per l&#8217;\u00faltim incendi a la Devesa del Saler que ha calcinat 37 hect\u00e0rees ha confirmat la \u201cdescoordinaci\u00f3\u201d dels serveis municipals i la \u201cnegligent gesti\u00f3\u201d del govern de Mar\u00eda Jos\u00e9 Catal\u00e1 a la Devesa del Saler. [&hellip;]<\/p>\n","protected":false},"author":6,"featured_media":13586,"comment_status":"open","ping_status":"closed","sticky":false,"template":"","format":"standard","meta":{"_acf_changed":false,"footnotes":""},"categories":[47,21],"tags":[2377,1199,78,2009,1318,1024,2379,1084,1081,1082,74,775,53,2378,780,2044,51,50,75,774,49,54],"class_list":["post-13588","post","type-post","status-publish","format-standard","has-post-thumbnail","hentry","category-nota-de-prensa-va","category-noticia-va","tag-37-hectarees","tag-abando","tag-barris","tag-borja-santamaria-va-2","tag-desastre-va","tag-descoordinacio","tag-deteriorament","tag-devesa-va","tag-el-saler-va","tag-foc","tag-gestio","tag-incendi","tag-maria-jose-catala-va","tag-mitjans-insuficients","tag-parc-natural","tag-pilar-bernabe-va","tag-pp-va","tag-pspv-psoe-va","tag-ruina-va","tag-saler-va","tag-socialistes","tag-vox-va"],"acf":[],"_links":{"self":[{"href":"https:\/\/pspv-psoevalencia.org\/va\/wp-json\/wp\/v2\/posts\/13588","targetHints":{"allow":["GET"]}}],"collection":[{"href":"https:\/\/pspv-psoevalencia.org\/va\/wp-json\/wp\/v2\/posts"}],"about":[{"href":"https:\/\/pspv-psoevalencia.org\/va\/wp-json\/wp\/v2\/types\/post"}],"author":[{"embeddable":true,"href":"https:\/\/pspv-psoevalencia.org\/va\/wp-json\/wp\/v2\/users\/6"}],"replies":[{"embeddable":true,"href":"https:\/\/pspv-psoevalencia.org\/va\/wp-json\/wp\/v2\/comments?post=13588"}],"version-history":[{"count":1,"href":"https:\/\/pspv-psoevalencia.org\/va\/wp-json\/wp\/v2\/posts\/13588\/revisions"}],"predecessor-version":[{"id":13589,"href":"https:\/\/pspv-psoevalencia.org\/va\/wp-json\/wp\/v2\/posts\/13588\/revisions\/13589"}],"wp:featuredmedia":[{"embeddable":true,"href":"https:\/\/pspv-psoevalencia.org\/va\/wp-json\/wp\/v2\/media\/13586"}],"wp:attachment":[{"href":"https:\/\/pspv-psoevalencia.org\/va\/wp-json\/wp\/v2\/media?parent=13588"}],"wp:term":[{"taxonomy":"category","embeddable":true,"href":"https:\/\/pspv-psoevalencia.org\/va\/wp-json\/wp\/v2\/categories?post=13588"},{"taxonomy":"post_tag","embeddable":true,"href":"https:\/\/pspv-psoevalencia.org\/va\/wp-json\/wp\/v2\/tags?post=13588"}],"curies":[{"name":"wp","href":"https:\/\/api.w.org\/{rel}","templated":true}]}}