{"id":13582,"date":"2026-09-03T12:12:09","date_gmt":"2026-09-03T12:12:09","guid":{"rendered":"https:\/\/pspv-psoevalencia.org\/2026\/09\/03\/latur-encadena-tres-mesos-de-pujada-a-valencia-i-suma-2-154-persones-desocupades-mes\/"},"modified":"2026-09-03T12:13:34","modified_gmt":"2026-09-03T12:13:34","slug":"latur-encadena-tres-mesos-de-pujada-a-valencia-i-suma-2-154-persones-desocupades-mes","status":"publish","type":"post","link":"https:\/\/pspv-psoevalencia.org\/va\/2026\/09\/03\/latur-encadena-tres-mesos-de-pujada-a-valencia-i-suma-2-154-persones-desocupades-mes\/","title":{"rendered":"L&#8217;atur encadena tres mesos de pujada a Val\u00e8ncia i suma 2.154 persones desocupades m\u00e9s"},"content":{"rendered":"\n<ul class=\"wp-block-list\">\n<li class=\"has-vivid-red-color has-text-color has-link-color has-medium-font-size wp-elements-1\">Javier Mateo denuncia la falta d&#8217;una pol\u00edtica d&#8217;ocupaci\u00f3 i d&#8217;un projecte econ\u00f2mic del govern de Mar\u00eda Jos\u00e9 Catal\u00e1 davant l&#8217;augment continuat de la desocupaci\u00f3<\/li>\n\n\n\n<li class=\"has-vivid-red-color has-text-color has-link-color has-medium-font-size wp-elements-2\">\u201cS\u00f3n xifres molt preocupants que demostren que el govern de Catal\u00e1 no t\u00e9 ni pol\u00edtica d&#8217;ocupaci\u00f3 ni un projecte econ\u00f2mic per a aquesta ciutat\u201d<\/li>\n<\/ul>\n\n<p class=\"wp-block-paragraph\"><strong>(Val\u00e8ncia, 3\/9\/2026) El regidor socialista de l&#8217;Ajuntament de Val\u00e8ncia Javier Mateo ha alertat que l&#8217;atur ha encadenat ja tres mesos consecutius de pujada a la ciutat i ha augmentat en 2.154 persones des de juny. L&#8217;edil ha denunciat que l&#8217;evoluci\u00f3 de la desocupaci\u00f3 demostra la falta d&#8217;una pol\u00edtica d&#8217;ocupaci\u00f3 i d&#8217;un projecte econ\u00f2mic per part del govern de Mar\u00eda Jos\u00e9 Catal\u00e1.<\/strong><\/p>\n\n<p class=\"wp-block-paragraph\">Mateo ha subratllat, a m\u00e9s, que quasi 6 de cada 10 de les noves persones desocupades s\u00f3n dones, una circumst\u00e0ncia que agreuja la preocupaci\u00f3 per l&#8217;evoluci\u00f3 de l&#8217;ocupaci\u00f3 a Val\u00e8ncia. Per al Grup Municipal Socialista, les xifres reflecteixen una falta de gesti\u00f3 i de resposta del govern municipal davant un problema que afecta directament milers de ve\u00efns i ve\u00efnes.<\/p>\n\n<p class=\"wp-block-paragraph\">\u201cL&#8217;atur encadenat ja tres mesos consecutius de pujada a Val\u00e8ncia, ja que des de juny hi ha 2.154 persones desocupades m\u00e9s en aquesta ciutat i quasi sis de cada 10 s\u00f3n dones. S\u00f3n xifres molt preocupants que demostren que el govern de Catal\u00e1 no t\u00e9 ni pol\u00edtica d&#8217;ocupaci\u00f3 ni un projecte econ\u00f2mic per a aquesta ciutat. Mentre ella es dedica a la propaganda, l&#8217;ocupaci\u00f3 desapareix. Catal\u00e1 est\u00e0 fent que s&#8217;esfondre l&#8217;ocupaci\u00f3, igual que est\u00e0 deixant que s&#8217;esfondre la ciutat de Val\u00e8ncia\u201d, ha manifestat.<\/p>\n\n<p class=\"wp-block-paragraph\">El regidor socialista ha denunciat que el govern de Catal\u00e1 roman sense oferir una resposta davant tres mesos consecutius d&#8217;augment de la desocupaci\u00f3. Una situaci\u00f3 que, ha advertit, \u201cevid\u00e8ncia l&#8217;abs\u00e8ncia d&#8217;una estrat\u00e8gia per a afrontar els problemes econ\u00f2mics de la ciutat i per a protegir les oportunitats laborals dels valencians i valencianes\u201d.<\/p>\n\n<p class=\"wp-block-paragraph\">Tres mesos de pujada<\/p>\n\n<p class=\"wp-block-paragraph\">Des del Grup Municipal Socialista han advertit que l&#8217;augment continuat de l&#8217;atur ha de portar a l&#8217;Ajuntament a abandonar la propaganda i afrontar la situaci\u00f3 amb mesures i una pol\u00edtica d&#8217;ocupaci\u00f3 capa\u00e7 de donar resposta a les necessitats de la ciutat.<\/p>\n\n<p class=\"wp-block-paragraph\">Mateo ha insistit que Val\u00e8ncia no pot permetre&#8217;s la par\u00e0lisi ni la falta de gesti\u00f3 davant la deterioraci\u00f3 dels indicadors d&#8217;ocupaci\u00f3 i ha reclamat a Mar\u00eda Jos\u00e9 Catal\u00e1 que \u201cassumisca la seua responsabilitat i situe l&#8217;ocupaci\u00f3 i la pol\u00edtica econ\u00f2mica entre les prioritats del seu govern. La ciutat necessita un projecte que genere oportunitats i responga als problemes dels ve\u00efns i ve\u00efnes, enfront d&#8217;un govern que ha deixat que la desocupaci\u00f3 augmente durant tres mesos consecutius\u201d, ha finalitzat.<\/p>\n","protected":false},"excerpt":{"rendered":"<p>(Val\u00e8ncia, 3\/9\/2026) El regidor socialista de l&#8217;Ajuntament de Val\u00e8ncia Javier Mateo ha alertat que l&#8217;atur ha encadenat ja tres mesos consecutius de pujada a la ciutat i ha augmentat en 2.154 persones des de juny. L&#8217;edil ha denunciat que l&#8217;evoluci\u00f3 de la desocupaci\u00f3 demostra la falta d&#8217;una pol\u00edtica d&#8217;ocupaci\u00f3 i d&#8217;un projecte econ\u00f2mic per part [&hellip;]<\/p>\n","protected":false},"author":8,"featured_media":12924,"comment_status":"open","ping_status":"closed","sticky":false,"template":"","format":"standard","meta":{"_acf_changed":false,"footnotes":""},"categories":[47,21],"tags":[111,50,49],"class_list":["post-13582","post","type-post","status-publish","format-standard","has-post-thumbnail","hentry","category-nota-de-prensa-va","category-noticia-va","tag-desocupacio","tag-pspv-psoe-va","tag-socialistes"],"acf":[],"_links":{"self":[{"href":"https:\/\/pspv-psoevalencia.org\/va\/wp-json\/wp\/v2\/posts\/13582","targetHints":{"allow":["GET"]}}],"collection":[{"href":"https:\/\/pspv-psoevalencia.org\/va\/wp-json\/wp\/v2\/posts"}],"about":[{"href":"https:\/\/pspv-psoevalencia.org\/va\/wp-json\/wp\/v2\/types\/post"}],"author":[{"embeddable":true,"href":"https:\/\/pspv-psoevalencia.org\/va\/wp-json\/wp\/v2\/users\/8"}],"replies":[{"embeddable":true,"href":"https:\/\/pspv-psoevalencia.org\/va\/wp-json\/wp\/v2\/comments?post=13582"}],"version-history":[{"count":1,"href":"https:\/\/pspv-psoevalencia.org\/va\/wp-json\/wp\/v2\/posts\/13582\/revisions"}],"predecessor-version":[{"id":13583,"href":"https:\/\/pspv-psoevalencia.org\/va\/wp-json\/wp\/v2\/posts\/13582\/revisions\/13583"}],"wp:featuredmedia":[{"embeddable":true,"href":"https:\/\/pspv-psoevalencia.org\/va\/wp-json\/wp\/v2\/media\/12924"}],"wp:attachment":[{"href":"https:\/\/pspv-psoevalencia.org\/va\/wp-json\/wp\/v2\/media?parent=13582"}],"wp:term":[{"taxonomy":"category","embeddable":true,"href":"https:\/\/pspv-psoevalencia.org\/va\/wp-json\/wp\/v2\/categories?post=13582"},{"taxonomy":"post_tag","embeddable":true,"href":"https:\/\/pspv-psoevalencia.org\/va\/wp-json\/wp\/v2\/tags?post=13582"}],"curies":[{"name":"wp","href":"https:\/\/api.w.org\/{rel}","templated":true}]}}