{"id":13578,"date":"2026-09-01T11:31:11","date_gmt":"2026-09-01T11:31:11","guid":{"rendered":"https:\/\/pspv-psoevalencia.org\/2026\/09\/01\/catala-va-canviar-la-moratoria-per-a-permetre-apartaments-en-baixos-abans-del-rusc-de-benicalap\/"},"modified":"2026-09-01T11:33:52","modified_gmt":"2026-09-01T11:33:52","slug":"catala-va-canviar-la-moratoria-per-a-permetre-apartaments-en-baixos-abans-del-rusc-de-benicalap","status":"publish","type":"post","link":"https:\/\/pspv-psoevalencia.org\/va\/2026\/09\/01\/catala-va-canviar-la-moratoria-per-a-permetre-apartaments-en-baixos-abans-del-rusc-de-benicalap\/","title":{"rendered":"Catal\u00e1 va canviar la morat\u00f2ria per a permetre apartaments en baixos abans del rusc de Benicalap"},"content":{"rendered":"\n<ul class=\"wp-block-list has-vivid-red-color has-text-color has-link-color has-medium-font-size wp-elements-1\">\n<li>Val\u00eda denuncia que l&#8217;Ajuntament va modificar els criteris despr\u00e9s de denegar inicialment la llic\u00e8ncia i va permetre despr\u00e9s a l&#8217;empresa continuar el projecte mitjan\u00e7ant una declaraci\u00f3 responsable<\/li>\n\n\n\n<li>\u201cMentre els regidors que an\u00e0vem a votar la morat\u00f2ria ni tan sols sab\u00edem que l&#8217;anaven a portar a ple, Mar\u00eda Jos\u00e9 Catal\u00e1 sembla que va avisar als operadors perqu\u00e8 acceleraren projectes\u201d<\/li>\n<\/ul>\n\n<p class=\"wp-block-paragraph\"><strong>(Val\u00e8ncia, 1\/9\/2026) La regidora socialista de l&#8217;Ajuntament de Val\u00e8ncia Elisa Val\u00eda ha denunciat que el govern de Mar\u00eda Jos\u00e9 Catal\u00e1 va modificar els criteris de la morat\u00f2ria tur\u00edstica per a excloure de la prohibici\u00f3 els baixos comercials i va obrir aix\u00ed la porta a la construcci\u00f3 de ruscos d&#8217;apartaments tur\u00edstics com la que una empresa est\u00e0 desenvolupant en Benicalap. Els socialistes han advertit a m\u00e9s de que, despr\u00e9s de revisar l&#8217;expedient corresponent al rusc tur\u00edstic que s&#8217;est\u00e0 obrint al carrer Carlos Cortina n\u00famero 5, han pogut comprovar tant que l&#8217;Ajuntament no va notificar correctament el procediment als afectats com que l&#8217;empresa va poder continuar les obres nom\u00e9s despr\u00e9s del canvi de criteri impulsat pel PP.<\/strong><\/p>\n\n<p class=\"wp-block-paragraph\">Val\u00eda ha assenyalat que el cas de Benicalap evidencia la manera d&#8217;actuar del govern de Catal\u00e1 davant la proliferaci\u00f3 d&#8217;apartaments tur\u00edstics i ha recordat que la llic\u00e8ncia per al projecte va ser inicialment denegada al juliol. No obstant aix\u00f2, el mateix mes que el PP modificara els criteris interpretatius de la morat\u00f2ria per a excloure als baixos comercials de la prohibici\u00f3, l&#8217;empresa va presentar una declaraci\u00f3 responsable i va aconseguir l&#8217;autoritzaci\u00f3 municipal per a continuar amb el projecte.<\/p>\n\n<p class=\"wp-block-paragraph\">La regidora socialista ha denunciat que aquesta modificaci\u00f3 va obrir la porta a inversions d&#8217;aquest tipus en tota la ciutat i ha retret al govern municipal que no informara correctament del procediment d&#8217;una dels ruscos tur\u00edstics que s&#8217;estan obrint en Benicalap. Una situaci\u00f3 que, segons el parer dels socialistes, torna a deixar als ve\u00efns i ve\u00efnes en una posici\u00f3 d&#8217;indefensi\u00f3 mentre l&#8217;Ajuntament permet que avancen projectes que afecten directament la conviv\u00e8ncia en els edificis i en els barris.<\/p>\n\n<p class=\"wp-block-paragraph\">\u201cMentre els regidors que an\u00e0vem a votar la morat\u00f2ria ni tan sols sab\u00edem que l&#8217;anaven a portar a ple, Mar\u00eda Jos\u00e9 Catal\u00e1 sembla que va avisar als operadors d&#8217;apartaments tur\u00edstics, que es van llan\u00e7ar en massa els dies anteriors a sol\u00b7licitar llic\u00e8ncia, com aquests apartaments de Benicalap, on a m\u00e9s coneixem informaci\u00f3 especialment greu, com que l&#8217;empresa que els promou t\u00e9 darrere a un assessor del Partit Popular, que se li va denegar la llic\u00e8ncia que va demanar inicialment i que mesos despr\u00e9s casualment el Partit Popular va aprovar els criteris interpretatius de la morat\u00f2ria que obririen la porta a aquesta i altres inversions similars en tota la ciutat\u201d, ha continuat.<\/p>\n\n<p class=\"wp-block-paragraph\">Elisa Val\u00eda ha advertit que el canvi de criteri de la morat\u00f2ria demostra, una vegada m\u00e9s, que el model de ciutat del govern de Catal\u00e1 prioritza els interessos dels qui busquen fer negoci amb l&#8217;habitatge enfront de la defensa dels barris. <\/p>\n\n<p class=\"wp-block-paragraph\"><strong>Pacte contra els apartaments<\/strong><\/p>\n\n<p class=\"wp-block-paragraph\">V\u00e0lua ha acusat l&#8217;alcaldessa d&#8217;impulsar una normativa que permet continuar amb l&#8217;expansi\u00f3 dels apartaments tur\u00edstics i ha reclamat que deixe de traslladar la responsabilitat a altres governs. \u201cQue no intenten enganyar m\u00e9s els ve\u00efns i ve\u00efnes, que saben la veritat, que no intenten culpar a altres governs, perqu\u00e8 la responsable que ens estiguen comprant la ciutat \u00e9s qui l&#8217;est\u00e0 venent i eixa persona \u00e9s l&#8217;alcaldessa, que fa normativa ad hoc perqu\u00e8 inversors, en la seua majoria estrangers, per\u00f2 tamb\u00e9 alguns nacionals com la fam\u00edlia de Jos\u00e9 Mar\u00eda Aznar, facen a Val\u00e8ncia el que els plaga, a costa dels nostres barris i a costa de les nostres fam\u00edlies\u201d, ha continuat.<\/p>\n\n<p class=\"wp-block-paragraph\">La regidora socialista ha insistit que l&#8217;Ajuntament ha d&#8217;abandonar la seua permissivitat davant els qui especulen amb l&#8217;habitatge i actuar per a protegir la conviv\u00e8ncia i el dret dels ve\u00efns i ve\u00efnes a romandre en els seus barris. Per a aix\u00f2, el Grup Municipal Socialista ha tornat a posar sobre la taula la proposta que ve reclamant des de fa dos anys per a frenar la proliferaci\u00f3 d&#8217;aquests allotjaments.<\/p>\n\n<p class=\"wp-block-paragraph\">\u201cLi oferim des del Partit Socialista de nou nou l&#8217;acord que portem oferint des de fa dos anys: Prohibim els apartaments tur\u00edstics en totes les seues versions, tamb\u00e9 hotels apartament, perqu\u00e8 els ve\u00efns i ve\u00efnes puguen descansar tranquils en els seus barris. Si est\u00e0 d&#8217;acord, dem\u00e0 pot ser una realitat. \u00c9s a la seua m\u00e0 acabar amb tot aix\u00f2\u201d, ha finalitzat.<\/p>\n","protected":false},"excerpt":{"rendered":"<p>(Val\u00e8ncia, 1\/9\/2026) La regidora socialista de l&#8217;Ajuntament de Val\u00e8ncia Elisa Val\u00eda ha denunciat que el govern de Mar\u00eda Jos\u00e9 Catal\u00e1 va modificar els criteris de la morat\u00f2ria tur\u00edstica per a excloure de la prohibici\u00f3 els baixos comercials i va obrir aix\u00ed la porta a la construcci\u00f3 de ruscos d&#8217;apartaments tur\u00edstics com la que una empresa [&hellip;]<\/p>\n","protected":false},"author":9,"featured_media":11294,"comment_status":"open","ping_status":"closed","sticky":false,"template":"","format":"standard","meta":{"_acf_changed":false,"footnotes":""},"categories":[47,21],"tags":[50],"class_list":["post-13578","post","type-post","status-publish","format-standard","has-post-thumbnail","hentry","category-nota-de-prensa-va","category-noticia-va","tag-pspv-psoe-va"],"acf":[],"_links":{"self":[{"href":"https:\/\/pspv-psoevalencia.org\/va\/wp-json\/wp\/v2\/posts\/13578","targetHints":{"allow":["GET"]}}],"collection":[{"href":"https:\/\/pspv-psoevalencia.org\/va\/wp-json\/wp\/v2\/posts"}],"about":[{"href":"https:\/\/pspv-psoevalencia.org\/va\/wp-json\/wp\/v2\/types\/post"}],"author":[{"embeddable":true,"href":"https:\/\/pspv-psoevalencia.org\/va\/wp-json\/wp\/v2\/users\/9"}],"replies":[{"embeddable":true,"href":"https:\/\/pspv-psoevalencia.org\/va\/wp-json\/wp\/v2\/comments?post=13578"}],"version-history":[{"count":1,"href":"https:\/\/pspv-psoevalencia.org\/va\/wp-json\/wp\/v2\/posts\/13578\/revisions"}],"predecessor-version":[{"id":13579,"href":"https:\/\/pspv-psoevalencia.org\/va\/wp-json\/wp\/v2\/posts\/13578\/revisions\/13579"}],"wp:featuredmedia":[{"embeddable":true,"href":"https:\/\/pspv-psoevalencia.org\/va\/wp-json\/wp\/v2\/media\/11294"}],"wp:attachment":[{"href":"https:\/\/pspv-psoevalencia.org\/va\/wp-json\/wp\/v2\/media?parent=13578"}],"wp:term":[{"taxonomy":"category","embeddable":true,"href":"https:\/\/pspv-psoevalencia.org\/va\/wp-json\/wp\/v2\/categories?post=13578"},{"taxonomy":"post_tag","embeddable":true,"href":"https:\/\/pspv-psoevalencia.org\/va\/wp-json\/wp\/v2\/tags?post=13578"}],"curies":[{"name":"wp","href":"https:\/\/api.w.org\/{rel}","templated":true}]}}