{"id":13574,"date":"2026-09-01T09:31:47","date_gmt":"2026-09-01T09:31:47","guid":{"rendered":"https:\/\/pspv-psoevalencia.org\/2026\/09\/01\/catala-es-complice-de-la-deterioracio-de-la-sanitat-publica-i-de-lestrategia-de-privatitzacio-de-la-generalitat\/"},"modified":"2026-09-01T09:33:07","modified_gmt":"2026-09-01T09:33:07","slug":"catala-es-complice-de-la-deterioracio-de-la-sanitat-publica-i-de-lestrategia-de-privatitzacio-de-la-generalitat","status":"publish","type":"post","link":"https:\/\/pspv-psoevalencia.org\/va\/2026\/09\/01\/catala-es-complice-de-la-deterioracio-de-la-sanitat-publica-i-de-lestrategia-de-privatitzacio-de-la-generalitat\/","title":{"rendered":"Catal\u00e1 \u00e9s c\u00f2mplice de la deterioraci\u00f3 de la sanitat p\u00fablica i de l&#8217;estrat\u00e8gia de privatitzaci\u00f3 de la Generalitat"},"content":{"rendered":"\n<ul class=\"wp-block-list\">\n<li class=\"has-vivid-red-color has-text-color has-link-color has-medium-font-size wp-elements-1\">Els socialistes denuncien la plaga de rates i paneroles en el centre sanitari de l&#8217;avinguda del Cid i reclamen a l&#8217;alcaldessa que defense als valencians i valencianes<\/li>\n<\/ul>\n\n<p class=\"wp-block-paragraph\"><strong>(Val\u00e8ncia, 01\/09\/2026) La vicesecret\u00e0ria general i portaveu dels socialistes de la ciutat de Val\u00e8ncia, Rosa Dom\u00ednguez, ha exigit a l&#8217;alcaldessa, Mar\u00eda Jos\u00e9 Catal\u00e1, que \u201cdone la cara i defense als valencians i valencianes davant la deterioraci\u00f3 que estan patint els serveis sanitaris p\u00fablics dependents de la Generalitat\u201d. Aix\u00ed ha denunciat la situaci\u00f3 del centre sanitari de l&#8217;avinguda del Cid, \u201con treballadors i usuaris han hagut de conviure amb una plaga de rates i paneroles, un problema que afecta directament les condicions en les quals es presta un servei p\u00fablic essencial per a la ciutadania\u201d. <\/strong><\/p>\n\n<p class=\"wp-block-paragraph\">\u201c\u00c9s absolutament inadmissible que s&#8217;haja perm\u00e9s arribar a aquesta situaci\u00f3\u201d, ha assenyalat la portaveu socialista qui ha lamentat que els treballs de desinfecci\u00f3 \u201cvan comen\u00e7ar despr\u00e9s de la den\u00fancia dels i les treballadores\u201d. A m\u00e9s, ha incidit en qu\u00e8 aquest cas \u201cno pot analitzar-se com un fet a\u00efllat, sin\u00f3 dins de la deterioraci\u00f3 que estan experimentant la sanitat p\u00fablica\u201d. En aquest sentit, ha recordat tamb\u00e9 els problemes que es van produir a Torrefiel, on l&#8217;avaria de l&#8217;ascensor va arribar a impedir que persones amb mobilitat redu\u00efda pogueren accedir amb normalitat a les seues consultes.<\/p>\n\n<p class=\"wp-block-paragraph\">Dom\u00ednguez ha denunciat \u201cel silenci\u201d de Mar\u00eda Jos\u00e9 Catal\u00e1 a qui ha acusat de \u201camagar-se quan es tracta de reivindicar i defensar als valencians i les valencianes davant la Generalitat Valenciana\u201d. Per a la dirigent socialista, \u201cCatal\u00e1 sempre es posa del costat del seu partit\u201d i \u201cest\u00e0 \u201csent \u201cc\u00f2mplice d&#8217;una estrat\u00e8gia que consisteix a degradar els serveis p\u00fablics per a despr\u00e9s justificar la seua privatitzaci\u00f3 i convertir-los en un negoci\u201d.<\/p>\n\n<p class=\"wp-block-paragraph\">\u201cQuan es tracta de confrontar amb el Govern d&#8217;Espanya, Catal\u00e1 sempre troba temps i arguments, per\u00f2 quan qui est\u00e0 deteriorant un servei p\u00fablic \u00e9s la Generalitat del PP, guarda silenci\u201d, ha denunciat. Per aix\u00f2, Dom\u00ednguez ha reclamat a l&#8217;alcaldessa que \u201cdeixe de ser sect\u00e0ria i partidista\u201d i \u201cutilitze els mesos que li queden en l&#8217;Alcaldia de Val\u00e8ncia per a exigir al Govern valenci\u00e0 que garantisca una sanitat p\u00fablica digna\u201d.<\/p>\n","protected":false},"excerpt":{"rendered":"<p>(Val\u00e8ncia, 01\/09\/2026) La vicesecret\u00e0ria general i portaveu dels socialistes de la ciutat de Val\u00e8ncia, Rosa Dom\u00ednguez, ha exigit a l&#8217;alcaldessa, Mar\u00eda Jos\u00e9 Catal\u00e1, que \u201cdone la cara i defense als valencians i valencianes davant la deterioraci\u00f3 que estan patint els serveis sanitaris p\u00fablics dependents de la Generalitat\u201d. Aix\u00ed ha denunciat la situaci\u00f3 del centre sanitari [&hellip;]<\/p>\n","protected":false},"author":8,"featured_media":13572,"comment_status":"open","ping_status":"closed","sticky":false,"template":"","format":"standard","meta":{"_acf_changed":false,"footnotes":""},"categories":[47,21],"tags":[50,49],"class_list":["post-13574","post","type-post","status-publish","format-standard","has-post-thumbnail","hentry","category-nota-de-prensa-va","category-noticia-va","tag-pspv-psoe-va","tag-socialistes"],"acf":[],"_links":{"self":[{"href":"https:\/\/pspv-psoevalencia.org\/va\/wp-json\/wp\/v2\/posts\/13574","targetHints":{"allow":["GET"]}}],"collection":[{"href":"https:\/\/pspv-psoevalencia.org\/va\/wp-json\/wp\/v2\/posts"}],"about":[{"href":"https:\/\/pspv-psoevalencia.org\/va\/wp-json\/wp\/v2\/types\/post"}],"author":[{"embeddable":true,"href":"https:\/\/pspv-psoevalencia.org\/va\/wp-json\/wp\/v2\/users\/8"}],"replies":[{"embeddable":true,"href":"https:\/\/pspv-psoevalencia.org\/va\/wp-json\/wp\/v2\/comments?post=13574"}],"version-history":[{"count":1,"href":"https:\/\/pspv-psoevalencia.org\/va\/wp-json\/wp\/v2\/posts\/13574\/revisions"}],"predecessor-version":[{"id":13575,"href":"https:\/\/pspv-psoevalencia.org\/va\/wp-json\/wp\/v2\/posts\/13574\/revisions\/13575"}],"wp:featuredmedia":[{"embeddable":true,"href":"https:\/\/pspv-psoevalencia.org\/va\/wp-json\/wp\/v2\/media\/13572"}],"wp:attachment":[{"href":"https:\/\/pspv-psoevalencia.org\/va\/wp-json\/wp\/v2\/media?parent=13574"}],"wp:term":[{"taxonomy":"category","embeddable":true,"href":"https:\/\/pspv-psoevalencia.org\/va\/wp-json\/wp\/v2\/categories?post=13574"},{"taxonomy":"post_tag","embeddable":true,"href":"https:\/\/pspv-psoevalencia.org\/va\/wp-json\/wp\/v2\/tags?post=13574"}],"curies":[{"name":"wp","href":"https:\/\/api.w.org\/{rel}","templated":true}]}}