{"id":13567,"date":"2026-08-31T12:23:09","date_gmt":"2026-08-31T12:23:09","guid":{"rendered":"https:\/\/pspv-psoevalencia.org\/2026\/08\/31\/catala-abandona-als-veins-de-benicalap-afectats-per-inversions-turistiques-irregulars\/"},"modified":"2026-08-31T12:25:54","modified_gmt":"2026-08-31T12:25:54","slug":"catala-abandona-als-veins-de-benicalap-afectats-per-inversions-turistiques-irregulars","status":"publish","type":"post","link":"https:\/\/pspv-psoevalencia.org\/va\/2026\/08\/31\/catala-abandona-als-veins-de-benicalap-afectats-per-inversions-turistiques-irregulars\/","title":{"rendered":"Catal\u00e1 abandona als ve\u00efns de Benicalap afectats per inversions tur\u00edstiques irregulars"},"content":{"rendered":"\n<ul class=\"wp-block-list has-vivid-red-color has-text-color has-link-color has-medium-font-size wp-elements-1\">\n<li>Elisa Val\u00eda denuncia que l&#8217;Ajuntament va reunir les fam\u00edlies per a dir-los que es \u201capanyen\u201d i va tractar de limitar qui podia participar en la trobada<\/li>\n\n\n\n<li>\u201cEl seu ajuntament no els protegeix, no els empara i una vegada m\u00e9s es posa de part de qui est\u00e0 tensionant i destrossant la conviv\u00e8ncia en els nostres barris per a fer negoci\u201d<\/li>\n<\/ul>\n\n<p class=\"wp-block-paragraph\"><strong>(Val\u00e8ncia, 31\/8\/2026) La regidora socialista de l&#8217;Ajuntament de Val\u00e8ncia Elisa Val\u00eda ha denunciat que el govern de Mar\u00eda Jos\u00e9 Catal\u00e1 s&#8217;ha desent\u00e9s del problema de les comunitats de ve\u00efns de Benicalap que pateixen la pressi\u00f3 d&#8217;una empresa que pret\u00e9n desenvolupar diversos projectes hotelers i d&#8217;apartaments tur\u00edstics. Val\u00eda ha criticat que, lluny de protegir les fam\u00edlies i defensar la conviv\u00e8ncia en els barris, l&#8217;Ajuntament els ha traslladat que han de resoldre pel seu compte una situaci\u00f3 davant la qual se senten completament desemparades.<\/strong><\/p>\n\n<p class=\"wp-block-paragraph\">\u201cEl govern de Mar\u00eda Jos\u00e9 Catal\u00e1 ha citat hui als ve\u00efns i ve\u00efnes dels edificis de Benimaclet, on inversors estrangers pretenen omplir-los els baixos d&#8217;apartaments tur\u00edstics i habitacions d&#8217;hotel, per a dir-los que s&#8217;han d&#8217;apanyar, que per a ells tot est\u00e0 b\u00e9 i que no han res ni de dir ni que fer davant aquesta situaci\u00f3 que viuen aquestes fam\u00edlies que, com \u00e9s natural, la viuen amb total impot\u00e8ncia, veient com el seu ajuntament no els protegeix, no els empara i una vegada m\u00e9s es posa de part de qui est\u00e0 tensionant i destrossant la conviv\u00e8ncia en els nostres barris\u201d, ha indicat.<\/p>\n\n<p class=\"wp-block-paragraph\">Val\u00eda ha lamentat que el govern municipal haja citat als ve\u00efns i ve\u00efnes per a, finalment, traslladar-los que l&#8217;Ajuntament no intervindr\u00e0 per a emparar a les fam\u00edlies davant els projectes que pretenen instal\u00b7lar en els baixos dels seus edificis. Una resposta que, per als socialistes, evid\u00e8ncia la \u201cfalta de gesti\u00f3 i l&#8217;abs\u00e8ncia d&#8217;escolta ve\u00efnal\u201d d&#8217;un govern que torna a deixar solos als barris enfront dels interessos dels qui busquen fer negoci amb la ciutat.<\/p>\n\n<p class=\"wp-block-paragraph\">La regidora socialista tamb\u00e9 ha denunciat que el govern de Catal\u00e1 va tractar de bloquejar la participaci\u00f3 de tots els ve\u00efns i ve\u00efnes en la reuni\u00f3, advertint-los que nom\u00e9s podien assistir les persones seleccionades pel propi Ajuntament i no una representaci\u00f3 de les comunitats afectades. Una situaci\u00f3 que els socialistes consideren una mostra m\u00e9s de l&#8217;opacitat amb la qual el govern municipal est\u00e0 abordant un problema que afecta directament la conviv\u00e8ncia de les fam\u00edlies i al futur dels barris.<\/p>\n\n<p class=\"wp-block-paragraph\">Per a Val\u00eda, resulta especialment significatiu que l&#8217;Ajuntament convoque a les fam\u00edlies i, al mateix temps, limite la seua participaci\u00f3 i els trasllade que han de buscar-se per si mateixes una soluci\u00f3. \u201cSincerament, per a dir-los als ve\u00efns i ve\u00efnes que es busquen la vida, no feia falta fer-los despla\u00e7ar-se a aquesta Tabacalera, perqu\u00e8 \u00e9s una cosa que ells ja venien percebent i que ja saben, perqu\u00e8 des del principi l&#8217;inter\u00e9s de Mar\u00eda Jos\u00e9 Catal\u00e1 i el seu govern ha sigut nul per intentar emparar a aquestes fam\u00edlies que es veuen completament desemparades davant els atropellaments d&#8217;aquests fons inversors que busquen fer negoci coste el que coste, a costa de la conviv\u00e8ncia, a costa de les nostres fam\u00edlies i a costa dels nostres barris\u201d.<\/p>\n\n<p class=\"wp-block-paragraph\"><strong>Catal\u00e1 deixa solos als barris<\/strong><\/p>\n\n<p class=\"wp-block-paragraph\">El Grup Municipal Socialista ha insistit que aquesta situaci\u00f3 no pot tractar-se com un problema particular de cada comunitat de ve\u00efns. \u201cLa conviv\u00e8ncia en els edificis i en els barris exigeix que l&#8217;Ajuntament escolte les fam\u00edlies i assumisca la seua responsabilitat, en lloc de desentendre&#8217;s i deixar que siguen els propis residents els qui hagen de fer front a la pressi\u00f3 dels projectes promoguts per fons inversors\u201d, ha continuat.<\/p>\n\n<p class=\"wp-block-paragraph\">Els socialistes han denunciat que el model de ciutat de Catal\u00e1 torna a situar els interessos dels qui busquen fer negoci per damunt de la defensa dels barris i dels seus ve\u00efns i ve\u00efnes. Per aix\u00f2, han reclamat al govern municipal que abandone la seua passivitat, garantisca una verdadera escolta ve\u00efnal i deixe de deixar desemparades a les fam\u00edlies davant projectes que estan *tensionando i deteriorant la conviv\u00e8ncia en les seues comunitats.<\/p>\n","protected":false},"excerpt":{"rendered":"<p>(Val\u00e8ncia, 31\/8\/2026) La regidora socialista de l&#8217;Ajuntament de Val\u00e8ncia Elisa Val\u00eda ha denunciat que el govern de Mar\u00eda Jos\u00e9 Catal\u00e1 s&#8217;ha desent\u00e9s del problema de les comunitats de ve\u00efns de Benicalap que pateixen la pressi\u00f3 d&#8217;una empresa que pret\u00e9n desenvolupar diversos projectes hotelers i d&#8217;apartaments tur\u00edstics. Val\u00eda ha criticat que, lluny de protegir les fam\u00edlies [&hellip;]<\/p>\n","protected":false},"author":9,"featured_media":13530,"comment_status":"open","ping_status":"closed","sticky":false,"template":"","format":"standard","meta":{"_acf_changed":false,"footnotes":""},"categories":[47,21],"tags":[50],"class_list":["post-13567","post","type-post","status-publish","format-standard","has-post-thumbnail","hentry","category-nota-de-prensa-va","category-noticia-va","tag-pspv-psoe-va"],"acf":[],"_links":{"self":[{"href":"https:\/\/pspv-psoevalencia.org\/va\/wp-json\/wp\/v2\/posts\/13567","targetHints":{"allow":["GET"]}}],"collection":[{"href":"https:\/\/pspv-psoevalencia.org\/va\/wp-json\/wp\/v2\/posts"}],"about":[{"href":"https:\/\/pspv-psoevalencia.org\/va\/wp-json\/wp\/v2\/types\/post"}],"author":[{"embeddable":true,"href":"https:\/\/pspv-psoevalencia.org\/va\/wp-json\/wp\/v2\/users\/9"}],"replies":[{"embeddable":true,"href":"https:\/\/pspv-psoevalencia.org\/va\/wp-json\/wp\/v2\/comments?post=13567"}],"version-history":[{"count":1,"href":"https:\/\/pspv-psoevalencia.org\/va\/wp-json\/wp\/v2\/posts\/13567\/revisions"}],"predecessor-version":[{"id":13568,"href":"https:\/\/pspv-psoevalencia.org\/va\/wp-json\/wp\/v2\/posts\/13567\/revisions\/13568"}],"wp:featuredmedia":[{"embeddable":true,"href":"https:\/\/pspv-psoevalencia.org\/va\/wp-json\/wp\/v2\/media\/13530"}],"wp:attachment":[{"href":"https:\/\/pspv-psoevalencia.org\/va\/wp-json\/wp\/v2\/media?parent=13567"}],"wp:term":[{"taxonomy":"category","embeddable":true,"href":"https:\/\/pspv-psoevalencia.org\/va\/wp-json\/wp\/v2\/categories?post=13567"},{"taxonomy":"post_tag","embeddable":true,"href":"https:\/\/pspv-psoevalencia.org\/va\/wp-json\/wp\/v2\/tags?post=13567"}],"curies":[{"name":"wp","href":"https:\/\/api.w.org\/{rel}","templated":true}]}}