{"id":13563,"date":"2026-08-31T11:08:51","date_gmt":"2026-08-31T11:08:51","guid":{"rendered":"https:\/\/pspv-psoevalencia.org\/2026\/08\/31\/catala-bloqueja-des-de-fa-tres-anys-lampliacio-dels-canons-daigua-per-a-protegir-la-devesa\/"},"modified":"2026-08-31T11:28:37","modified_gmt":"2026-08-31T11:28:37","slug":"catala-bloqueja-des-de-fa-tres-anys-lampliacio-dels-canons-daigua-per-a-protegir-la-devesa","status":"publish","type":"post","link":"https:\/\/pspv-psoevalencia.org\/va\/2026\/08\/31\/catala-bloqueja-des-de-fa-tres-anys-lampliacio-dels-canons-daigua-per-a-protegir-la-devesa\/","title":{"rendered":"Catal\u00e1 bloqueja des de fa tres anys l&#8217;ampliaci\u00f3 dels canons d&#8217;aigua per a protegir la Devesa"},"content":{"rendered":"\n<ul class=\"wp-block-list has-vivid-red-color has-text-color has-link-color has-medium-font-size wp-elements-1\">\n<li>Elisa Val\u00eda denuncia que l&#8217;alcaldessa va anunciar en 2023 m\u00e9s de 40 canons en 2023 i que, tres anys despr\u00e9s, no existeix ni projecte ni dotaci\u00f3 pressupost\u00e0ria per a executar-los<\/li>\n\n\n\n<li>\u201cCom a alcaldessa, fa molts anuncis que, en realitat, no t\u00e9 cap intenci\u00f3 d&#8217;executar perqu\u00e8 no li preocupa Val\u00e8ncia\u201d<\/li>\n<\/ul>\n\n<p class=\"wp-block-paragraph\"><strong>(Val\u00e8ncia, 31\/8\/2026) La regidora socialista de l&#8217;Ajuntament de Val\u00e8ncia Elisa Val\u00eda ha denunciat que Mar\u00eda Jos\u00e9 Catal\u00e1 ha bloquejat durant els tres anys del seu mandat l&#8217;ampliaci\u00f3 de la xarxa de canons d&#8217;aigua del projecte Side Info per a protegir la Devesa del Saler. L&#8217;alcaldessa va anunciar al novembre de 2023, quan va comen\u00e7ar a instal\u00b7lar-se el sistema que va deixar preparat l&#8217;anterior govern progressista de la m\u00e0 dels socialistes, que ampliaria la instal\u00b7laci\u00f3 fins a aconseguir entre 40 i 50 canons, \u201cper\u00f2 tres anys despr\u00e9s no existeix ni projecte ni dotaci\u00f3 pressupost\u00e0ria per a fer realitat aquell comprom\u00eds\u201d.<\/strong><\/p>\n\n<p class=\"wp-block-paragraph\">\u201cEl que sabem amb certesa \u00e9s que Mar\u00eda Jos\u00e9 Catal\u00e1 ha bloquejat l&#8217;ampliaci\u00f3 del projecte Side Info dels canons que havien de protegir la Devesa. Ella va poder executar el projecte que s&#8217;havia quedat preparat del govern anterior i va anunciar una ampliaci\u00f3 per a arribar fins a 40 o 50 canons. Una ampliaci\u00f3 de la qual no hi ha ni rastre\u201d, ha manifestat.<\/p>\n\n<p class=\"wp-block-paragraph\">La regidora socialista ha subratllat que la par\u00e0lisi del projecte es mant\u00e9 durant tot el mandat i ha denunciat que els pressupostos municipals tampoc han arreplegat els recursos necessaris per a desenvolupar l&#8217;ampliaci\u00f3 anunciada per la pr\u00f2pia alcaldessa. \u201cNo hi ha rastre en els pressupostos de cap dels anys d&#8217;aquest mandat i en concret l&#8217;any 2026 dels quasi 24 milions d&#8217;euros que tenia disponibles la delegaci\u00f3 de prevenci\u00f3 i extinci\u00f3 d&#8217;incendis no es va dedicar ni un sol euro a l&#8217;ampliaci\u00f3 de la xarxa de canons de la Devesa\u201d, ha incidit.<\/p>\n\n<p class=\"wp-block-paragraph\">Per a Val\u00eda, l&#8217;abs\u00e8ncia d&#8217;avan\u00e7os en un projecte que havia de refor\u00e7ar la protecci\u00f3 de la Devesa reflecteix la falta de gesti\u00f3 i la dist\u00e0ncia entre els anuncis del govern municipal i la seua execuci\u00f3. \u201cAquesta \u00e9s la realitat del seu mandat. Com a alcaldessa, anuncis, anuncis i m\u00e9s anuncis i res darrere i no \u00e9s capa\u00e7 d&#8217;atendre les emerg\u00e8ncies i no \u00e9s capa\u00e7 de complir amb els seus propis compromisos.\u201d<\/p>\n\n<p class=\"wp-block-paragraph\"><strong>Tres anys de par\u00e0lisis<\/strong><\/p>\n\n<p class=\"wp-block-paragraph\">L&#8217;edil socialista ha recordat que Catal\u00e1 va posar en marxa al novembre de 2023 el sistema que havia deixat preparat l&#8217;anterior govern progressista, per\u00f2 que des de llavors ha sigut incapa\u00e7 d&#8217;avan\u00e7ar en l&#8217;ampliaci\u00f3 que ella mateixa va anunciar. Tres anys despr\u00e9s, la promesa d&#8217;arribar a m\u00e9s de 40 canons d&#8217;aigua segueix sense projecte i sense dotaci\u00f3 pressupost\u00e0ria, una situaci\u00f3 que el Grup Municipal Socialista considera una mostra m\u00e9s de la \u201cpar\u00e0lisi\u201d i la \u201cfalta de gesti\u00f3\u201d del govern municipal. El PSPV ha exigit a l&#8217;alcaldessa que aclarisca p\u00fablicament si mant\u00e9 el seu comprom\u00eds d&#8217;ampliar la xarxa de canons o si, per contra, ren\u00fancia definitivament a executar-la. \u201cSi no pensa instal\u00b7lar els 40 canons que va prometre i si, per tant, aix\u00f2 no era un anunci sin\u00f3 una mentida m\u00e9s, li exigim a Mar\u00eda Jos\u00e9 Catal\u00e1 que isca i diga p\u00fablicament que ens estava mentint\u201d, ha finalitzat.<\/p>\n","protected":false},"excerpt":{"rendered":"<p>(Val\u00e8ncia, 31\/8\/2026) La regidora socialista de l&#8217;Ajuntament de Val\u00e8ncia Elisa Val\u00eda ha denunciat que Mar\u00eda Jos\u00e9 Catal\u00e1 ha bloquejat durant els tres anys del seu mandat l&#8217;ampliaci\u00f3 de la xarxa de canons d&#8217;aigua del projecte Side Info per a protegir la Devesa del Saler. L&#8217;alcaldessa va anunciar al novembre de 2023, quan va comen\u00e7ar a [&hellip;]<\/p>\n","protected":false},"author":9,"featured_media":11120,"comment_status":"open","ping_status":"closed","sticky":false,"template":"","format":"standard","meta":{"_acf_changed":false,"footnotes":""},"categories":[47,21],"tags":[50],"class_list":["post-13563","post","type-post","status-publish","format-standard","has-post-thumbnail","hentry","category-nota-de-prensa-va","category-noticia-va","tag-pspv-psoe-va"],"acf":[],"_links":{"self":[{"href":"https:\/\/pspv-psoevalencia.org\/va\/wp-json\/wp\/v2\/posts\/13563","targetHints":{"allow":["GET"]}}],"collection":[{"href":"https:\/\/pspv-psoevalencia.org\/va\/wp-json\/wp\/v2\/posts"}],"about":[{"href":"https:\/\/pspv-psoevalencia.org\/va\/wp-json\/wp\/v2\/types\/post"}],"author":[{"embeddable":true,"href":"https:\/\/pspv-psoevalencia.org\/va\/wp-json\/wp\/v2\/users\/9"}],"replies":[{"embeddable":true,"href":"https:\/\/pspv-psoevalencia.org\/va\/wp-json\/wp\/v2\/comments?post=13563"}],"version-history":[{"count":1,"href":"https:\/\/pspv-psoevalencia.org\/va\/wp-json\/wp\/v2\/posts\/13563\/revisions"}],"predecessor-version":[{"id":13564,"href":"https:\/\/pspv-psoevalencia.org\/va\/wp-json\/wp\/v2\/posts\/13563\/revisions\/13564"}],"wp:featuredmedia":[{"embeddable":true,"href":"https:\/\/pspv-psoevalencia.org\/va\/wp-json\/wp\/v2\/media\/11120"}],"wp:attachment":[{"href":"https:\/\/pspv-psoevalencia.org\/va\/wp-json\/wp\/v2\/media?parent=13563"}],"wp:term":[{"taxonomy":"category","embeddable":true,"href":"https:\/\/pspv-psoevalencia.org\/va\/wp-json\/wp\/v2\/categories?post=13563"},{"taxonomy":"post_tag","embeddable":true,"href":"https:\/\/pspv-psoevalencia.org\/va\/wp-json\/wp\/v2\/tags?post=13563"}],"curies":[{"name":"wp","href":"https:\/\/api.w.org\/{rel}","templated":true}]}}