{"id":13553,"date":"2026-08-29T09:02:34","date_gmt":"2026-08-29T09:02:34","guid":{"rendered":"https:\/\/pspv-psoevalencia.org\/2026\/08\/29\/lincendi-del-saler-demostra-la-incapacitat-de-catala-per-a-gestionar-les-emergencies\/"},"modified":"2026-08-31T09:11:04","modified_gmt":"2026-08-31T09:11:04","slug":"lincendi-del-saler-demostra-la-incapacitat-de-catala-per-a-gestionar-les-emergencies","status":"publish","type":"post","link":"https:\/\/pspv-psoevalencia.org\/va\/2026\/08\/29\/lincendi-del-saler-demostra-la-incapacitat-de-catala-per-a-gestionar-les-emergencies\/","title":{"rendered":"L&#8217;incendi del Saler demostra la incapacitat de Catal\u00e1 per a gestionar les emerg\u00e8ncies"},"content":{"rendered":"\n<ul class=\"wp-block-list\">\n<li class=\"has-vivid-red-color has-text-color has-link-color has-medium-font-size wp-elements-1\">Elisa Val\u00eda exigeix que se li retiren les compet\u00e8ncies sobre la Devesa-Albufera al regidor negacionista de Vox i que els responsables compareguen en el ple per a explicar la gesti\u00f3 del pitjor incendi de la hist\u00f2ria del parc natural<\/li>\n<\/ul>\n\n<p class=\"wp-block-paragraph\"><strong>(Val\u00e8ncia, 29\/8\/2026) La regidora socialista de l&#8217;Ajuntament de Val\u00e8ncia Elisa Val\u00eda ha denunciat que l&#8217;incendi del Saler \u201cdemostra l&#8217;absoluta incapacitat de Mar\u00eda Jos\u00e9 Catal\u00e1 per a gestionar les emerg\u00e8ncies. Ho vam veure en la dana i ara amb l&#8217;incendi m\u00e9s greu de la hist\u00f2ria del parc natural\u201d. A m\u00e9s, ha exigit que es retiren \u201cde manera immediata les compet\u00e8ncies sobre la Devesa-Albufera al regidor de Vox responsable de l&#8217;\u00e0rea\u201d. Aix\u00ed mateix, ha reclamat la compareixen\u00e7a en el ple dels responsables municipals perqu\u00e8 \u201cexpliquen la seua actuaci\u00f3 i assumisquen les responsabilitats que corresponguen per la gesti\u00f3 de l&#8217;incendi, encara que la gravetat dels succe\u00eft requereix que siga la pr\u00f2pia alcaldessa qui comparega\u201d.<\/strong><\/p>\n\n<p class=\"wp-block-paragraph\">\u201cEl parc natural est\u00e0 i continua estant clarament en perill\u201d, ha denunciat i ha considerat \u201curgent\u201d que es \u201cretiren les compet\u00e8ncies\u201d a Jos\u00e9 Gos\u00e1lbez perqu\u00e8 \u201cno podem deixar la protecci\u00f3 d&#8217;un dels nostres espais naturals m\u00e9s valuosos en mans de qui nega els efectes del canvi clim\u00e0tic\u201d, ha remarcat. L&#8217;edil ha denunciat que l&#8217;incendi \u201cno pot analitzar-se \u00fanicament a partir del moment en el qual van comen\u00e7ar les flames, sin\u00f3 que \u00e9s necessari avaluar la pol\u00edtica de prevenci\u00f3 desenvolupada pel govern de Catal\u00e1\u201d. \u201cNo s&#8217;executen les inversions i la pol\u00edtica de prevenci\u00f3 d&#8217;incendis de Mar\u00eda Jos\u00e9 Catal\u00e1 al parc natural \u00e9s nefasta\u201d, ha denunciat. <\/p>\n\n<p class=\"wp-block-paragraph\">En aquesta l\u00ednia, ha responsabilitzat a Mar\u00eda Jos\u00e9 Catal\u00e1 per la \u201cfalta de prevenci\u00f3, falta de reacci\u00f3 i falta de posada a la disposici\u00f3 dels mitjans adequats en el moment adequat per a extingir el foc quan encara era un incendi abordable i de xicotetes dimensions\u201d. Val\u00eda ha incidit especialment en \u201cels treballs preventius\u201d que, segons ha denunciat, \u201cno s&#8217;han realitzat malgrat el risc existent a la Devesa\u201d. \u201cDes del PSPV-PSOE portem temps advertint que no s&#8217;han executat les inversions previstes ni s&#8217;han fet treballs fonamentals de prevenci\u00f3, com els relacionats amb els tallafocs i amb la retirada de la vegetaci\u00f3 baixa que pot servir de combustible per a propagar les flames\u201d, ha assenyalat.<\/p>\n\n<p class=\"wp-block-paragraph\">Per a la regidora socialista, aquesta falta de prevenci\u00f3 \u201cha deixat desemparat al parc natural i tamb\u00e9 a les persones que viuen all\u00ed\u201d. Per aquest motiu, ha considerat \u201cimprescindible esclarir tant les actuacions realitzades abans de l&#8217;incendi com la resposta municipal una vegada declarat el foc i determinar per qu\u00e8 va aconseguir unes dimensions sense precedents\u201d.&#13;\n\u201cEls responsables hauran de compar\u00e9ixer en el ple per a explicar a l&#8217;oposici\u00f3, per\u00f2 sobretot a la ciutadania, la gesti\u00f3 del pitjor incendi de la hist\u00f2ria del parc natural\u201d, ha assegurat i ha apuntat que \u201chauran d&#8217;explicar quina va ser la seua actuaci\u00f3, quins mitjans es van mobilitzar, quan es van mobilitzar i, per descomptat, assumir responsabilitats\u201d. Finalment, ha advertit a Catal\u00e1 que \u201cla gravetat\u201d del succe\u00eft \u201cexigeix que siga la pr\u00f2pia alcaldessa qui done explicacions p\u00fabliques sobre l&#8217;actuaci\u00f3 del seu govern\u201d. \u201cMar\u00eda Jos\u00e9 Catal\u00e1 no pot amagar-se m\u00e9s. Ha d&#8217;eixir, donar la cara i explicar qu\u00e8 ha fet, qu\u00e8 no ha fet i per qu\u00e8 El Saler ha arribat a aquesta situaci\u00f3\u201d, ha concl\u00f2s.<\/p>\n","protected":false},"excerpt":{"rendered":"<p>(Val\u00e8ncia, 29\/8\/2026) La regidora socialista de l&#8217;Ajuntament de Val\u00e8ncia Elisa Val\u00eda ha denunciat que l&#8217;incendi del Saler \u201cdemostra l&#8217;absoluta incapacitat de Mar\u00eda Jos\u00e9 Catal\u00e1 per a gestionar les emerg\u00e8ncies. Ho vam veure en la dana i ara amb l&#8217;incendi m\u00e9s greu de la hist\u00f2ria del parc natural\u201d. A m\u00e9s, ha exigit que es retiren \u201cde [&hellip;]<\/p>\n","protected":false},"author":6,"featured_media":12637,"comment_status":"open","ping_status":"closed","sticky":false,"template":"","format":"standard","meta":{"_acf_changed":false,"footnotes":""},"categories":[47,21],"tags":[78,2372,122,2371,320,74,177,775,2370,2351,53,776,2044,51,466,50,75,49,2373,54],"class_list":["post-13553","post","type-post","status-publish","format-standard","has-post-thumbnail","hentry","category-nota-de-prensa-va","category-noticia-va","tag-barris","tag-descuidat","tag-desgovern","tag-flames","tag-gestio-va","tag-gestio","tag-incapacitat","tag-incendi","tag-jose-gosalbez","tag-manca-de-gestio","tag-maria-jose-catala-va","tag-negligencia-va","tag-pilar-bernabe-va","tag-pp-va","tag-prevencio","tag-pspv-psoe-va","tag-ruina-va","tag-socialistes","tag-vegetacio","tag-vox-va"],"acf":[],"_links":{"self":[{"href":"https:\/\/pspv-psoevalencia.org\/va\/wp-json\/wp\/v2\/posts\/13553","targetHints":{"allow":["GET"]}}],"collection":[{"href":"https:\/\/pspv-psoevalencia.org\/va\/wp-json\/wp\/v2\/posts"}],"about":[{"href":"https:\/\/pspv-psoevalencia.org\/va\/wp-json\/wp\/v2\/types\/post"}],"author":[{"embeddable":true,"href":"https:\/\/pspv-psoevalencia.org\/va\/wp-json\/wp\/v2\/users\/6"}],"replies":[{"embeddable":true,"href":"https:\/\/pspv-psoevalencia.org\/va\/wp-json\/wp\/v2\/comments?post=13553"}],"version-history":[{"count":3,"href":"https:\/\/pspv-psoevalencia.org\/va\/wp-json\/wp\/v2\/posts\/13553\/revisions"}],"predecessor-version":[{"id":13556,"href":"https:\/\/pspv-psoevalencia.org\/va\/wp-json\/wp\/v2\/posts\/13553\/revisions\/13556"}],"wp:featuredmedia":[{"embeddable":true,"href":"https:\/\/pspv-psoevalencia.org\/va\/wp-json\/wp\/v2\/media\/12637"}],"wp:attachment":[{"href":"https:\/\/pspv-psoevalencia.org\/va\/wp-json\/wp\/v2\/media?parent=13553"}],"wp:term":[{"taxonomy":"category","embeddable":true,"href":"https:\/\/pspv-psoevalencia.org\/va\/wp-json\/wp\/v2\/categories?post=13553"},{"taxonomy":"post_tag","embeddable":true,"href":"https:\/\/pspv-psoevalencia.org\/va\/wp-json\/wp\/v2\/tags?post=13553"}],"curies":[{"name":"wp","href":"https:\/\/api.w.org\/{rel}","templated":true}]}}