{"id":13546,"date":"2026-08-28T08:56:43","date_gmt":"2026-08-28T08:56:43","guid":{"rendered":"https:\/\/pspv-psoevalencia.org\/2026\/08\/28\/el-pspv-insta-a-catala-a-respondre-per-la-seua-gestio-en-el-saler-despres-de-patir-el-major-incendi-de-la-seua-historia\/"},"modified":"2026-08-31T09:02:08","modified_gmt":"2026-08-31T09:02:08","slug":"el-pspv-insta-a-catala-a-respondre-per-la-seua-gestio-en-el-saler-despres-de-patir-el-major-incendi-de-la-seua-historia","status":"publish","type":"post","link":"https:\/\/pspv-psoevalencia.org\/va\/2026\/08\/28\/el-pspv-insta-a-catala-a-respondre-per-la-seua-gestio-en-el-saler-despres-de-patir-el-major-incendi-de-la-seua-historia\/","title":{"rendered":"El PSPV insta a Catal\u00e1 a respondre per la seua gesti\u00f3 en El Saler despr\u00e9s de patir el major incendi de la seua hist\u00f2ria"},"content":{"rendered":"\n<ul class=\"wp-block-list\">\n<li class=\"has-vivid-red-color has-text-color has-link-color has-medium-font-size wp-elements-1\">Elisa Val\u00eda denuncia les neglig\u00e8ncies que han agreujat el risc d&#8217;incendi al Parc Natural i anuncia una bateria de preguntes per a esclarir les condicions en les quals es va produir<\/li>\n\n\n\n<li class=\"has-vivid-red-color has-text-color has-link-color has-medium-font-size wp-elements-2\">\u201cMar\u00eda Jos\u00e9 Catal\u00e1 t\u00e9 el Parc Natural completament abandonat, a m\u00e9s d&#8217;haver entregat la gesti\u00f3 del parc als negacionistes de Vox des del primer moment\u201d<\/li>\n<\/ul>\n\n<p class=\"wp-block-paragraph\"><strong>(Val\u00e8ncia, 28\/8\/2026) La regidora socialista de l&#8217;Ajuntament de Val\u00e8ncia Elisa Val\u00eda ha denunciat el \u201caband\u00f3 i la falta de gesti\u00f3\u201d de la Devesa del Saler per part del govern de Mar\u00eda Jos\u00e9 Catal\u00e1 despr\u00e9s del pitjor incendi que ha patit el Parc Natural i ha anunciat una bateria de preguntes per a esclarir les condicions en les quals es va produir el foc i les mesures preventives adoptades per l&#8217;Ajuntament.<\/strong><\/p>\n\n<p class=\"wp-block-paragraph\">Val\u00eda ha assenyalat que l&#8217;incendi torna a posar de manifest la falta de conservaci\u00f3 del Parc Natural i l&#8217;abs\u00e8ncia d&#8217;una pol\u00edtica adequada de prevenci\u00f3. La regidora socialista ha q\u00fcestionat especialment l&#8217;estat dels tallafocs, la vegetaci\u00f3 i les labors de poda controlada, elements fonamentals tant per a reduir el risc com per a facilitar les labors dels efectius d&#8217;extinci\u00f3.<\/p>\n\n<p class=\"wp-block-paragraph\">\u201cLa consternaci\u00f3 per l&#8217;incendi del Saler dona pas ara a moltes preguntes. Si hi havia alerta groga i condicions adverses i de risc per al Parc Natural, quines van ser les mesures preventives que va prendre l&#8217;alcaldessa per a protegir el parc? Per\u00f2 no solament en el dia d&#8217;ahir, sin\u00f3 tamb\u00e9 molt abans. En quin estat es trobaven els tallafocs? Els tallafocs fonamentals per a gestionar l&#8217;extinci\u00f3 i tamb\u00e9 per a garantir l&#8217;accessibilitat. Van poder passar els efectius d&#8217;extinci\u00f3 sense problemes? En quin estat es trobava la vegetaci\u00f3 que serveix de combustible en cas d&#8217;incendi?\u201d, ha plantejat Val\u00eda.<\/p>\n\n<p class=\"wp-block-paragraph\">La regidora socialista ha incidit en qu\u00e8 la situaci\u00f3 d&#8217;aband\u00f3 no es limita a les hores pr\u00e8vies a l&#8217;incendi, sin\u00f3 que respon a una falta de manteniment sostinguda des que Catal\u00e1 ocupa l&#8217;Alcaldia. \u201cPerqu\u00e8 la poda controlada llueix per la seua abs\u00e8ncia al Parc Natural des que Mar\u00eda Jos\u00e9 Catal\u00e1 \u00e9s alcaldessa. L&#8217;alcaldessa ha d&#8217;explicar per qu\u00e8 el Parc Natural t\u00e9 eixa falta de poda negligent i per qu\u00e8 els tallafocs no estaven ahir en perfectes condicions per a poder extingir el foc r\u00e0pidament\u201d, ha afirmat.<\/p>\n\n<p class=\"wp-block-paragraph\">La gesti\u00f3 del Parc Natural constitueix, segons Elisa Val\u00eda, un dels exemples del model de ciutat de Catal\u00e1 basat en l&#8217;aband\u00f3 de les zones verdes i la falta de prevenci\u00f3. De fet, l&#8217;edil ha criticat que l&#8217;alcaldessa haja deixat la gesti\u00f3 del parc en mans de Vox, a qui ha definit com \u201cels negacionistes clim\u00e0tics\u201d, i ha reclamat que la conservaci\u00f3 de la Devesa torne a ser una prioritat per al govern municipal.<\/p>\n\n<p class=\"wp-block-paragraph\">Los socialistas tambi\u00e9n preguntar\u00e1n por el funcionamiento y utilizaci\u00f3n de los ca\u00f1ones de agua instalados en el Parque Natural. \u201cLa \u00fanica novedad en el Parque Natural, que son los ca\u00f1ones de agua, es un proyecto del Gobierno anterior y tambi\u00e9n veremos en qu\u00e9 medidas se han utilizado para proteger el Parque Natural en esta ocasi\u00f3n\u201d, ha explicado Val\u00eda. <\/p>\n\n<p class=\"wp-block-paragraph\">Els socialistes tamb\u00e9 preguntaran pel funcionament i utilitzaci\u00f3 dels canons d&#8217;aigua instal\u00b7lats al Parc Natural. \u201cL&#8217;\u00fanica novetat al Parc Natural, que s\u00f3n els canons d&#8217;aigua, \u00e9s un projecte del Govern anterior i tamb\u00e9 veurem en quines mesures s&#8217;han utilitzat per a protegir el Parc Natural en aquesta ocasi\u00f3\u201d, ha explicat Val\u00eda. \u201cGovernar no \u00e9s anar a fer-se fotos inaugurant carrils de la Gran Via, \u00e9s mantindre el Parc Natural cuidat perqu\u00e8 no passe el que va passar ahir\u201d, ha incidit.&#13;\nVal\u00eda ha exigit a Catal\u00e1 explicacions sobre totes les circumst\u00e0ncies que van envoltar l&#8217;incendi i ha reclamat una pol\u00edtica de conservaci\u00f3 i prevenci\u00f3 que permeta protegir la Devesa, les seues zones verdes i als ve\u00efns i ve\u00efnes davant situacions d&#8217;emerg\u00e8ncia. \u201cL&#8217;alcaldessa ha d&#8217;explicar per qu\u00e8 el Parc Natural t\u00e9 eixa falta de poda negligent i per qu\u00e8 els tallafocs no estaven ahir en perfectes condicions per a poder extingir el foc r\u00e0pidament\u201d, ha finalitzat.&#13;\n<\/p>\n","protected":false},"excerpt":{"rendered":"<p>(Val\u00e8ncia, 28\/8\/2026) La regidora socialista de l&#8217;Ajuntament de Val\u00e8ncia Elisa Val\u00eda ha denunciat el \u201caband\u00f3 i la falta de gesti\u00f3\u201d de la Devesa del Saler per part del govern de Mar\u00eda Jos\u00e9 Catal\u00e1 despr\u00e9s del pitjor incendi que ha patit el Parc Natural i ha anunciat una bateria de preguntes per a esclarir les condicions [&hellip;]<\/p>\n","protected":false},"author":6,"featured_media":13544,"comment_status":"open","ping_status":"closed","sticky":false,"template":"","format":"standard","meta":{"_acf_changed":false,"footnotes":""},"categories":[47,21,1],"tags":[78,2363,2218,1081,2364,1082,74,2365,775,53,780,2044,51,466,50,75,49,54],"class_list":["post-13546","post","type-post","status-publish","format-standard","has-post-thumbnail","hentry","category-nota-de-prensa-va","category-noticia-va","category-sin-categorizar","tag-barris","tag-catastrofe","tag-conservacio","tag-el-saler-va","tag-explicacions","tag-foc","tag-gestio","tag-gestio-negligent","tag-incendi","tag-maria-jose-catala-va","tag-parc-natural","tag-pilar-bernabe-va","tag-pp-va","tag-prevencio","tag-pspv-psoe-va","tag-ruina-va","tag-socialistes","tag-vox-va"],"acf":[],"_links":{"self":[{"href":"https:\/\/pspv-psoevalencia.org\/va\/wp-json\/wp\/v2\/posts\/13546","targetHints":{"allow":["GET"]}}],"collection":[{"href":"https:\/\/pspv-psoevalencia.org\/va\/wp-json\/wp\/v2\/posts"}],"about":[{"href":"https:\/\/pspv-psoevalencia.org\/va\/wp-json\/wp\/v2\/types\/post"}],"author":[{"embeddable":true,"href":"https:\/\/pspv-psoevalencia.org\/va\/wp-json\/wp\/v2\/users\/6"}],"replies":[{"embeddable":true,"href":"https:\/\/pspv-psoevalencia.org\/va\/wp-json\/wp\/v2\/comments?post=13546"}],"version-history":[{"count":2,"href":"https:\/\/pspv-psoevalencia.org\/va\/wp-json\/wp\/v2\/posts\/13546\/revisions"}],"predecessor-version":[{"id":13550,"href":"https:\/\/pspv-psoevalencia.org\/va\/wp-json\/wp\/v2\/posts\/13546\/revisions\/13550"}],"wp:featuredmedia":[{"embeddable":true,"href":"https:\/\/pspv-psoevalencia.org\/va\/wp-json\/wp\/v2\/media\/13544"}],"wp:attachment":[{"href":"https:\/\/pspv-psoevalencia.org\/va\/wp-json\/wp\/v2\/media?parent=13546"}],"wp:term":[{"taxonomy":"category","embeddable":true,"href":"https:\/\/pspv-psoevalencia.org\/va\/wp-json\/wp\/v2\/categories?post=13546"},{"taxonomy":"post_tag","embeddable":true,"href":"https:\/\/pspv-psoevalencia.org\/va\/wp-json\/wp\/v2\/tags?post=13546"}],"curies":[{"name":"wp","href":"https:\/\/api.w.org\/{rel}","templated":true}]}}