{"id":13540,"date":"2026-08-28T08:51:00","date_gmt":"2026-08-28T08:51:00","guid":{"rendered":"https:\/\/pspv-psoevalencia.org\/2026\/08\/28\/lempresa-turistica-darrere-dels-polemics-apartaments-de-benicalap-opera-amb-tres-empreses-en-valencia\/"},"modified":"2026-08-31T08:55:32","modified_gmt":"2026-08-31T08:55:32","slug":"lempresa-turistica-darrere-dels-polemics-apartaments-de-benicalap-opera-amb-tres-empreses-en-valencia","status":"publish","type":"post","link":"https:\/\/pspv-psoevalencia.org\/va\/2026\/08\/28\/lempresa-turistica-darrere-dels-polemics-apartaments-de-benicalap-opera-amb-tres-empreses-en-valencia\/","title":{"rendered":"L\u2019empresa tur\u00edstica darrere dels pol\u00e8mics apartaments de Benicalap opera amb tres empreses en Val\u00e8ncia"},"content":{"rendered":"\n<ul class=\"wp-block-list\">\n<li class=\"has-vivid-red-color has-text-color has-link-color has-medium-font-size wp-elements-1\">Elisa Val\u00eda denuncia l&#8217;estrat\u00e8gia d&#8217;una mateixa xarxa empresarial per a estendre l&#8217;especulaci\u00f3 tur\u00edstica i acusa a Catal\u00e1 de posar-se del costat dels inversors enfront dels ve\u00efns i ve\u00efnes<\/li>\n\n\n\n<li class=\"has-vivid-red-color has-text-color has-link-color has-medium-font-size wp-elements-2\">\u201cAquesta empresa nom\u00e9s t\u00e9 una \u00fanica finalitat, espr\u00e9mer la ciutat de Val\u00e8ncia a cost dels nostres barris i les nostres fam\u00edlies i s&#8217;aprofita de les facilitats que li dona el govern del PP\u201d<\/li>\n<\/ul>\n\n<p class=\"wp-block-paragraph\"><strong>(Val\u00e8ncia, 28\/8\/2026) La regidora socialista de l&#8217;Ajuntament de Val\u00e8ncia Elisa Val\u00eda ha denunciat que la promotora que est\u00e0 darrere dels pol\u00e8mics projectes d&#8217;apartaments tur\u00edstics de Benicalap opera a trav\u00e9s d&#8217;almenys tres societats amb les quals estaria estenent els seus interessos per diferents punts de Val\u00e8ncia, i ha acusat el govern de Mar\u00eda Jos\u00e9 Catal\u00e1 de permetre una estrat\u00e8gia d&#8217;especulaci\u00f3 tur\u00edstica que est\u00e0 afectant directament els barris i a les fam\u00edlies.<\/strong><\/p>\n\n<p class=\"wp-block-paragraph\">Val\u00eda ha assenyalat que la situaci\u00f3 de Benicalap no constitueix un cas a\u00efllat, sin\u00f3 que forma part d&#8217;una din\u00e0mica m\u00e9s \u00e0mplia de proliferaci\u00f3 de projectes tur\u00edstics que est\u00e0 alterant la conviv\u00e8ncia i posant pressi\u00f3 sobre els barris. La regidora socialista ha recordat que el PSPV ja ha denunciat davant l&#8217;Ag\u00e8ncia Valenciana Antifrau les relacions de la promotora dels apartaments tur\u00edstics del carrer Carlos Cortina amb el Partit Popular i l&#8217;Ajuntament, aix\u00ed com la vinculaci\u00f3 del seu advocat amb el PP.<\/p>\n\n<p class=\"wp-block-paragraph\">L&#8217;edil socialista ha advertit que els mateixos interessos que estan darrere dels projectes de Benicalap pretenen estendre aquest model per tota la ciutat. \u201cPer a Mar\u00eda Jos\u00e9 Catal\u00e1, la ciutat de Val\u00e8ncia \u00e9s \u00fanicament un tauler de Monopoly on fer negocis immobiliaris. I aix\u00f2 \u00e9s una cosa que han compr\u00e9s molt b\u00e9 els qui estan promovent la proliferaci\u00f3 massiva d&#8217;apartaments tur\u00edstics. Els mateixos inversors que pretenen omplir Benimacalap d&#8217;apartaments tur\u00edstics, aniquilant qualsevol oportunitat per a mantindre la vida de barri, pretenen fer el mateix per tota la ciutat\u201d.<\/p>\n\n<p class=\"wp-block-paragraph\">La regidora ha posat el focus en la utilitzaci\u00f3 de diferents societats per a desenvolupar aquesta estrat\u00e8gia i en l&#8217;actuaci\u00f3 d&#8217;aquests inversors durant els dies previs a la morat\u00f2ria. \u201cEls mateixos inversors que estan operant amb almenys tres societats distintes, amb l&#8217;\u00fanica finalitat d&#8217;espr\u00e9mer la ciutat de Val\u00e8ncia, a cost dels nostres barris, a cost de les nostres fam\u00edlies i amb la complicitat d&#8217;una alcaldessa i un govern municipal que tenen a la seua m\u00e0 parar tot aix\u00f2 i que es neguen a parar-ho. Tots inversors estrangers, per\u00f2 ac\u00ed sembla que no cal aplicar la prioritat nacional per a Mar\u00eda Jos\u00e9 Catal\u00e1. Totes mercantils amb molta activitat els dies previs a la morat\u00f2ria, la qual cosa demostra que tenien informaci\u00f3 privilegiada per part de l&#8217;alcaldessa\u201d.<\/p>\n\n<p class=\"wp-block-paragraph\"><strong>Una relaci\u00f3 en Antifrau<\/strong><\/p>\n\n<p class=\"wp-block-paragraph\">Val\u00eda ha recordat que la relaci\u00f3 entre aquesta promotora i l&#8217;entorn del Partit Popular ja va ser objecte d&#8217;una den\u00fancia davant Antifrau. El PSPV va reclamar llavors esclarir el vincle entre l&#8217;empresa, el seu advocat i el govern municipal de Catal\u00e1, despr\u00e9s que la sol\u00b7licitud de llic\u00e8ncia per als apartaments tur\u00edstics de Carlos Cortina es presentara un dia abans de l&#8217;aprovaci\u00f3 de la morat\u00f2ria, l&#8217;Ajuntament denegara inicialment la llic\u00e8ncia i, mesos despr\u00e9s, modificara la seua posici\u00f3 i acabara concedint-la, moment en el qual l&#8217;empresa va abandonar la via judicial.&#13;\nLa regidora socialista ha denunciat a m\u00e9s que l&#8217;Ajuntament mant\u00e9 una actitud d&#8217;inactivitat davant nous projectes vinculats a aquesta proliferaci\u00f3 tur\u00edstica. En el cas de Carlos Cortina 2, la declaraci\u00f3 responsable es va presentar el 14 d&#8217;abril i l&#8217;expedient seguia sense informe del servei de Llic\u00e8ncies, una situaci\u00f3 que el PSPV ja va qualificar d&#8217;aband\u00f3 i falta de gesti\u00f3 municipal. V\u00e0lua ha advertit que aquesta permissivitat deixa a les comunitats de ve\u00efns en una situaci\u00f3 de desemparament enfront d&#8217;empreses que pretenen implantar apartaments tur\u00edstics en els seus edificis.&#13;\n<\/p>\n","protected":false},"excerpt":{"rendered":"<p>(Val\u00e8ncia, 28\/8\/2026) La regidora socialista de l&#8217;Ajuntament de Val\u00e8ncia Elisa Val\u00eda ha denunciat que la promotora que est\u00e0 darrere dels pol\u00e8mics projectes d&#8217;apartaments tur\u00edstics de Benicalap opera a trav\u00e9s d&#8217;almenys tres societats amb les quals estaria estenent els seus interessos per diferents punts de Val\u00e8ncia, i ha acusat el govern de Mar\u00eda Jos\u00e9 Catal\u00e1 de [&hellip;]<\/p>\n","protected":false},"author":6,"featured_media":13345,"comment_status":"open","ping_status":"closed","sticky":false,"template":"","format":"standard","meta":{"_acf_changed":false,"footnotes":""},"categories":[47,21],"tags":[733,658,659,78,1221,579,2356,74,2358,53,2335,1600,2044,2357,51,50,2359,75,49,2333,99,54],"class_list":["post-13540","post","type-post","status-publish","format-standard","has-post-thumbnail","hentry","category-nota-de-prensa-va","category-noticia-va","tag-antifrau","tag-apartaments","tag-apartaments-turistics","tag-barris","tag-benicalap-va","tag-especulacio","tag-especulacio-turistica","tag-gestio","tag-hotels","tag-maria-jose-catala-va","tag-masificacio","tag-monopoly-va","tag-pilar-bernabe-va","tag-politica","tag-pp-va","tag-pspv-psoe-va","tag-relacions-especulatives","tag-ruina-va","tag-socialistes","tag-turistificacio","tag-valencia-va-2","tag-vox-va"],"acf":[],"_links":{"self":[{"href":"https:\/\/pspv-psoevalencia.org\/va\/wp-json\/wp\/v2\/posts\/13540","targetHints":{"allow":["GET"]}}],"collection":[{"href":"https:\/\/pspv-psoevalencia.org\/va\/wp-json\/wp\/v2\/posts"}],"about":[{"href":"https:\/\/pspv-psoevalencia.org\/va\/wp-json\/wp\/v2\/types\/post"}],"author":[{"embeddable":true,"href":"https:\/\/pspv-psoevalencia.org\/va\/wp-json\/wp\/v2\/users\/6"}],"replies":[{"embeddable":true,"href":"https:\/\/pspv-psoevalencia.org\/va\/wp-json\/wp\/v2\/comments?post=13540"}],"version-history":[{"count":1,"href":"https:\/\/pspv-psoevalencia.org\/va\/wp-json\/wp\/v2\/posts\/13540\/revisions"}],"predecessor-version":[{"id":13541,"href":"https:\/\/pspv-psoevalencia.org\/va\/wp-json\/wp\/v2\/posts\/13540\/revisions\/13541"}],"wp:featuredmedia":[{"embeddable":true,"href":"https:\/\/pspv-psoevalencia.org\/va\/wp-json\/wp\/v2\/media\/13345"}],"wp:attachment":[{"href":"https:\/\/pspv-psoevalencia.org\/va\/wp-json\/wp\/v2\/media?parent=13540"}],"wp:term":[{"taxonomy":"category","embeddable":true,"href":"https:\/\/pspv-psoevalencia.org\/va\/wp-json\/wp\/v2\/categories?post=13540"},{"taxonomy":"post_tag","embeddable":true,"href":"https:\/\/pspv-psoevalencia.org\/va\/wp-json\/wp\/v2\/tags?post=13540"}],"curies":[{"name":"wp","href":"https:\/\/api.w.org\/{rel}","templated":true}]}}