{"id":13536,"date":"2026-08-27T08:45:52","date_gmt":"2026-08-27T08:45:52","guid":{"rendered":"https:\/\/pspv-psoevalencia.org\/2026\/08\/27\/catala-desapareix-enfront-de-lallau-de-projectes-turistics-en-benicalap-sense-informes-des-dabril\/"},"modified":"2026-08-31T08:50:31","modified_gmt":"2026-08-31T08:50:31","slug":"catala-desapareix-enfront-de-lallau-de-projectes-turistics-en-benicalap-sense-informes-des-dabril","status":"publish","type":"post","link":"https:\/\/pspv-psoevalencia.org\/va\/2026\/08\/27\/catala-desapareix-enfront-de-lallau-de-projectes-turistics-en-benicalap-sense-informes-des-dabril\/","title":{"rendered":"Catal\u00e1 \u201cdesapareix\u201d enfront de l&#8217;allau de projectes tur\u00edstics en Benicalap: sense informes des d&#8217;abril"},"content":{"rendered":"\n<ul class=\"wp-block-list\">\n<li class=\"has-vivid-red-color has-text-color has-link-color has-medium-font-size wp-elements-1\">Elisa Val\u00eda den\u00fancia la passivitat del govern municipal davant el projecte d&#8217;apartaments tur\u00edstics de Carlos Cortina 2, la llic\u00e8ncia dels quals es va sol\u00b7licitar el 14 d&#8217;abril i segueix sense informe de Llic\u00e8ncies<\/li>\n\n\n\n<li class=\"has-vivid-red-color has-text-color has-link-color has-medium-font-size wp-elements-2\">\u201cAquesta \u00e9s l&#8217;alcaldessa de la ciutat de Val\u00e8ncia, la de l&#8217;immobilisme conscient que permet l&#8217;especulaci\u00f3 tur\u00edstica desaforada\u201d<\/li>\n<\/ul>\n\n<p class=\"wp-block-paragraph\"><strong>(Val\u00e8ncia, 27\/8\/2026) La regidora socialista de l&#8217;Ajuntament de Val\u00e8ncia Elisa Val\u00eda ha denunciat la inactivitat del govern de Mar\u00eda Jos\u00e9 Catal\u00e1 davant l&#8217;allau d&#8217;apartaments i aparthotels que est\u00e0 afectant els barris de la ciutat i, en concret aquest estiu, amb major intensitat als ve\u00efns i ve\u00efnes de Benicalap. Val\u00eda ha assenyalat que un dels projectes, situat al carrer Carlos Cortina n\u00famero 2, roman sense l&#8217;informe del servei de Llic\u00e8ncies des que l&#8217;empresa va presentar la declaraci\u00f3n responsable el passat 14 d&#8217;abril, una situaci\u00f3 que, al seu judici, demostra la passivitat de l&#8217;Ajuntament davant un problema que est\u00e0 alterant la conviv\u00e8ncia en els barris.<\/strong><\/p>\n\n<p class=\"wp-block-paragraph\">La regidora socialista ha explicat que l&#8217;expedient arreplega la sol\u00b7licitud presentada el 14 d&#8217;abril, per\u00f2 que des de llavors l&#8217;Ajuntament no ha em\u00e9s l&#8217;informe corresponent de Llic\u00e8ncies. \u201cHui hem estat amb els ve\u00efns i ve\u00efnes del carrer Carlos Cortina n\u00famero 2, en els baixos del qual tamb\u00e9 pretenen fer-los apartaments tur\u00edstics. Des del 14 d&#8217;abril, quan l&#8217;empresa va presentar la sol\u00b7licitud de llic\u00e8ncia, l&#8217;ajuntament no ha mogut ni un sol paper, no ha comprovat que es compleixen les normes ni ha comprovat que el que s&#8217;est\u00e0 fent realment siga per al que es va demanar la llic\u00e8ncia\u201d, ha criticat.<\/p>\n\n<p class=\"wp-block-paragraph\">Val\u00eda ha denunciat que aquesta falta d&#8217;actuaci\u00f3 deixa als ve\u00efns i ve\u00efnes en una situaci\u00f3 de desemparament enfront de les empreses que pretenen desenvolupar aquest tipus d&#8217;allotjaments en els seus edificis. \u201cAquesta \u00e9s l&#8217;alcaldessa de la ciutat de Val\u00e8ncia, la de l&#8217;immobilisme conscient, perqu\u00e8 no ens enganyem, \u00e9s un immobilisme necessari perqu\u00e8 els que m\u00e9s poden campen a pler i deixar desemparats i indefensos als ve\u00efns i ve\u00efnes que veuen com el seu ajuntament no fa ni cas i han d&#8217;enfrontar-se ells mateixos directament a eixes empreses. Aix\u00f2 no \u00e9s un problema d&#8217;eixes comunitats de ve\u00efns, aix\u00f2 \u00e9s un problema de tots els nostres barris, de tota la ciutat i l&#8217;alcaldessa ha d&#8217;implicar-se en primera persona\u201d.<\/p>\n\n<p class=\"wp-block-paragraph\">L&#8217;edil socialista ha advertit que la situaci\u00f3 de Carlos Cortina 2 no pot abordar-se com un problema a\u00efllat d&#8217;una comunitat de propietaris, sin\u00f3 com una q\u00fcesti\u00f3 que afecta el model de ciutat i a la conviv\u00e8ncia en els barris. La falta de resposta municipal davant aquests expedients suposa, segons ha assenyalat, una nova mostra d&#8217;aband\u00f3 i falta de gesti\u00f3 del govern de Catal\u00e1 davant un fenomen que est\u00e0 generant preocupaci\u00f3 entre els residents de Benicalap.<\/p>\n\n<p class=\"wp-block-paragraph\"><strong>Apartaments tur\u00edstics i conviv\u00e8ncia<\/strong><\/p>\n\n<p class=\"wp-block-paragraph\">\u201cLa permissivitat sempre amb els mateixos est\u00e0 destrossant la conviv\u00e8ncia en els nostres barris i \u00e9s urgent prohibir la instal\u00b7laci\u00f3 d&#8217;apartaments tur\u00edstics en qualsevol de les seues formes en els baixos d&#8217;edificis on viuen les fam\u00edlies. \u00c9s una q\u00fcesti\u00f3 de conviv\u00e8ncia, \u00e9s una q\u00fcesti\u00f3 de model de ciutat. L&#8217;alcaldessa ha de deixar de protegir d&#8217;una vegada a qui especula amb l&#8217;habitatge i a qui destrossa els nostres barris per a posar-se d&#8217;una vegada del costat de les fam\u00edlies i protegir-les precisament d&#8217;ells\u201d, ha assenyalat.<\/p>\n\n<p class=\"wp-block-paragraph\">Val\u00eda ha reclamat al govern municipal que abandone la inactivitat i actue per a protegir els ve\u00efns i ve\u00efnes, garantint que els expedients es tramiten, que es comprove el compliment de les normes i que l&#8217;Ajuntament exercisca les seues compet\u00e8ncies davant la proliferaci\u00f3 d&#8217;aquests projectes. \u201cAquesta permissivitat sempre amb els mateixos est\u00e0 destrossant la conviv\u00e8ncia en els nostres barris\u201d i, ha insistit, l&#8217;alcaldessa ha d&#8217;implicar-se directament per a defensar a les fam\u00edlies i cuidar els barris.&#13;\nPer al Grup Municipal Socialista, l&#8217;Ajuntament ha de deixar de romandre al marge mentre les comunitats de ve\u00efns es veuen obligades a enfrontar-se pel seu compte a projectes que afecten directament la conviv\u00e8ncia. Els socialistes reclamen una actuaci\u00f3 municipal decidida i una pol\u00edtica d&#8217;habitatge i de turisme que pose en el centre als ve\u00efns i ve\u00efnes, enfront de l&#8217;especulaci\u00f3 i a la p\u00e8rdua de qualitat de vida en els barris.&#13;\n<\/p>\n","protected":false},"excerpt":{"rendered":"<p>(Val\u00e8ncia, 27\/8\/2026) La regidora socialista de l&#8217;Ajuntament de Val\u00e8ncia Elisa Val\u00eda ha denunciat la inactivitat del govern de Mar\u00eda Jos\u00e9 Catal\u00e1 davant l&#8217;allau d&#8217;apartaments i aparthotels que est\u00e0 afectant els barris de la ciutat i, en concret aquest estiu, amb major intensitat als ve\u00efns i ve\u00efnes de Benicalap. Val\u00eda ha assenyalat que un dels projectes, [&hellip;]<\/p>\n","protected":false},"author":6,"featured_media":13530,"comment_status":"open","ping_status":"closed","sticky":false,"template":"","format":"standard","meta":{"_acf_changed":false,"footnotes":""},"categories":[47,21],"tags":[1199,2348,658,659,2349,78,1221,2350,326,772,74,2351,53,2335,2044,51,50,75,49,2333,373,372,54],"class_list":["post-13536","post","type-post","status-publish","format-standard","has-post-thumbnail","hentry","category-nota-de-prensa-va","category-noticia-va","tag-abando","tag-apartahotels","tag-apartaments","tag-apartaments-turistics","tag-aparthotels","tag-barris","tag-benicalap-va","tag-conflicte","tag-convivencia-va","tag-denuncia-va","tag-gestio","tag-manca-de-gestio","tag-maria-jose-catala-va","tag-masificacio","tag-pilar-bernabe-va","tag-pp-va","tag-pspv-psoe-va","tag-ruina-va","tag-socialistes","tag-turistificacio","tag-veines","tag-veins","tag-vox-va"],"acf":[],"_links":{"self":[{"href":"https:\/\/pspv-psoevalencia.org\/va\/wp-json\/wp\/v2\/posts\/13536","targetHints":{"allow":["GET"]}}],"collection":[{"href":"https:\/\/pspv-psoevalencia.org\/va\/wp-json\/wp\/v2\/posts"}],"about":[{"href":"https:\/\/pspv-psoevalencia.org\/va\/wp-json\/wp\/v2\/types\/post"}],"author":[{"embeddable":true,"href":"https:\/\/pspv-psoevalencia.org\/va\/wp-json\/wp\/v2\/users\/6"}],"replies":[{"embeddable":true,"href":"https:\/\/pspv-psoevalencia.org\/va\/wp-json\/wp\/v2\/comments?post=13536"}],"version-history":[{"count":1,"href":"https:\/\/pspv-psoevalencia.org\/va\/wp-json\/wp\/v2\/posts\/13536\/revisions"}],"predecessor-version":[{"id":13537,"href":"https:\/\/pspv-psoevalencia.org\/va\/wp-json\/wp\/v2\/posts\/13536\/revisions\/13537"}],"wp:featuredmedia":[{"embeddable":true,"href":"https:\/\/pspv-psoevalencia.org\/va\/wp-json\/wp\/v2\/media\/13530"}],"wp:attachment":[{"href":"https:\/\/pspv-psoevalencia.org\/va\/wp-json\/wp\/v2\/media?parent=13536"}],"wp:term":[{"taxonomy":"category","embeddable":true,"href":"https:\/\/pspv-psoevalencia.org\/va\/wp-json\/wp\/v2\/categories?post=13536"},{"taxonomy":"post_tag","embeddable":true,"href":"https:\/\/pspv-psoevalencia.org\/va\/wp-json\/wp\/v2\/tags?post=13536"}],"curies":[{"name":"wp","href":"https:\/\/api.w.org\/{rel}","templated":true}]}}