{"id":12595,"date":"2026-04-30T13:29:47","date_gmt":"2026-04-30T13:29:47","guid":{"rendered":"https:\/\/pspv-psoevalencia.org\/2026\/04\/30\/bernabe-acusa-a-catala-de-permetre-el-feixisme-institucional-de-vox-amb-la-prioritat-nacional\/"},"modified":"2026-04-30T13:31:27","modified_gmt":"2026-04-30T13:31:27","slug":"bernabe-acusa-a-catala-de-permetre-el-feixisme-institucional-de-vox-amb-la-prioritat-nacional","status":"publish","type":"post","link":"https:\/\/pspv-psoevalencia.org\/va\/2026\/04\/30\/bernabe-acusa-a-catala-de-permetre-el-feixisme-institucional-de-vox-amb-la-prioritat-nacional\/","title":{"rendered":"Bernab\u00e9 acusa a Catal\u00e1 de permetre el \u201cfeixisme institucional\u201d de Vox amb la prioritat nacional"},"content":{"rendered":"\n<p class=\"has-vivid-red-color has-text-color has-link-color has-medium-font-size wp-elements-4d7fdda5ce77221d8cd5a53ef2197c46\">La secret\u00e0ria general dels socialistes adverteix que les pol\u00edtiques anunciades per Vox sense que Catal\u00e1 les haja desautoritzades \u201cposen en risc drets fonamentals i la conviv\u00e8ncia\u201d<\/p>\n\n<p class=\"has-vivid-red-color has-text-color has-link-color has-medium-font-size wp-elements-a1121903a396173711cdc825673b815c\">Exigeix a l&#8217;alcaldessa que rectifique i frene de manera urgent i contundent \u201cels posicionaments ultres\u201d dels seus socis de govern<\/p>\n\n<p>(Val\u00e8ncia, 30\/04\/2026) La secret\u00e0ria general dels socialistes a Val\u00e8ncia, Pilar Bernab\u00e9, ha titllat de \u201cfeixisme institucional\u201d l&#8217;anunci de Vox que aplicar\u00e0 la denominada \u201cprioritat nacional\u201d en el repartiment d&#8217;ajudes des de les seues regidories a l&#8217;Ajuntament sense que l&#8217;alcaldessa, Mar\u00eda Jos\u00e9 Catal\u00e1, l&#8217;haja desautoritzat immediatament.<\/p>\n\n<p>Bernab\u00e9 ha advertit de les conseq\u00fc\u00e8ncies d&#8217;aquesta mena de plantejaments: \u201cEs comen\u00e7a assenyalant a uns pocs i s&#8217;acaba posant en risc a molt\u00edssima gent i aix\u00f2 \u00e9s el que est\u00e0 fent el Partit Popular i Vox. Aix\u00f2 \u00e9s el que estan fent les dretes que no poden ser m\u00e9s t\u00f2xiques per a la ciutat de Val\u00e8ncia, per a la societat i per a la ciutadania\u201d.<\/p>\n\n<p>En aquest sentit, la candidata socialista ha defensat que les institucions han de garantir la igualtat i els drets de tota la ciutadania: \u201cAc\u00ed la prioritat ha de ser la gent, la prioritat ha de ser els ve\u00efns i les ve\u00efnes. Eixa \u00e9s la prioritat: la prioritat de drets, perqu\u00e8 estem per a garantir drets, no per a repartir-los entre els qui considerem que s\u00f3n els nostres\u201d.<\/p>\n\n<p>La dirigent socialista ha sigut especialment contundent en qualificar l&#8217;anunci de Vox: \u201cAix\u00f2 \u00e9s feixisme institucional. Aix\u00f2 \u00e9s feixisme modern i \u00e9s fer apologia de retallades de drets i de drets humans\u201d.<\/p>\n\n<p>Per aix\u00f2, ha reclamat una actuaci\u00f3 immediata per part de l&#8217;alcaldessa: \u201cLi exigisc a Mar\u00eda Jos\u00e9 Catal\u00e1 que frene aquests posicionaments ultres perqu\u00e8 no pot arrossegar a la ciutat de Val\u00e8ncia a una altra vergonya\u201d.<\/p>\n","protected":false},"excerpt":{"rendered":"<p>La secret\u00e0ria general dels socialistes adverteix que les pol\u00edtiques anunciades per Vox sense que Catal\u00e1 les haja desautoritzades \u201cposen en risc drets fonamentals i la conviv\u00e8ncia\u201d Exigeix a l&#8217;alcaldessa que rectifique i frene de manera urgent i contundent \u201cels posicionaments ultres\u201d dels seus socis de govern (Val\u00e8ncia, 30\/04\/2026) La secret\u00e0ria general dels socialistes a Val\u00e8ncia, [&hellip;]<\/p>\n","protected":false},"author":2,"featured_media":12007,"comment_status":"open","ping_status":"closed","sticky":true,"template":"","format":"standard","meta":{"_acf_changed":false,"footnotes":""},"categories":[47,21,23,22],"tags":[2044,2077,50,49],"class_list":["post-12595","post","type-post","status-publish","format-standard","has-post-thumbnail","hentry","category-nota-de-prensa-va","category-noticia-va","category-sandra_dia-va","category-sandra-reflexiones-va","tag-pilar-bernabe-va","tag-pilar-bernabe-2","tag-pspv-psoe-va","tag-socialistes"],"acf":[],"_links":{"self":[{"href":"https:\/\/pspv-psoevalencia.org\/va\/wp-json\/wp\/v2\/posts\/12595","targetHints":{"allow":["GET"]}}],"collection":[{"href":"https:\/\/pspv-psoevalencia.org\/va\/wp-json\/wp\/v2\/posts"}],"about":[{"href":"https:\/\/pspv-psoevalencia.org\/va\/wp-json\/wp\/v2\/types\/post"}],"author":[{"embeddable":true,"href":"https:\/\/pspv-psoevalencia.org\/va\/wp-json\/wp\/v2\/users\/2"}],"replies":[{"embeddable":true,"href":"https:\/\/pspv-psoevalencia.org\/va\/wp-json\/wp\/v2\/comments?post=12595"}],"version-history":[{"count":1,"href":"https:\/\/pspv-psoevalencia.org\/va\/wp-json\/wp\/v2\/posts\/12595\/revisions"}],"predecessor-version":[{"id":12596,"href":"https:\/\/pspv-psoevalencia.org\/va\/wp-json\/wp\/v2\/posts\/12595\/revisions\/12596"}],"wp:featuredmedia":[{"embeddable":true,"href":"https:\/\/pspv-psoevalencia.org\/va\/wp-json\/wp\/v2\/media\/12007"}],"wp:attachment":[{"href":"https:\/\/pspv-psoevalencia.org\/va\/wp-json\/wp\/v2\/media?parent=12595"}],"wp:term":[{"taxonomy":"category","embeddable":true,"href":"https:\/\/pspv-psoevalencia.org\/va\/wp-json\/wp\/v2\/categories?post=12595"},{"taxonomy":"post_tag","embeddable":true,"href":"https:\/\/pspv-psoevalencia.org\/va\/wp-json\/wp\/v2\/tags?post=12595"}],"curies":[{"name":"wp","href":"https:\/\/api.w.org\/{rel}","templated":true}]}}