{"id":12591,"date":"2026-04-30T13:22:48","date_gmt":"2026-04-30T13:22:48","guid":{"rendered":"https:\/\/pspv-psoevalencia.org\/2026\/04\/30\/el-pspv-exigeix-a-catala-que-deixe-de-bloquejar-el-canal-dacces-i-el-corredor-verd\/"},"modified":"2026-04-30T13:28:22","modified_gmt":"2026-04-30T13:28:22","slug":"el-pspv-exigeix-a-catala-que-deixe-de-bloquejar-el-canal-dacces-i-el-corredor-verd","status":"publish","type":"post","link":"https:\/\/pspv-psoevalencia.org\/va\/2026\/04\/30\/el-pspv-exigeix-a-catala-que-deixe-de-bloquejar-el-canal-dacces-i-el-corredor-verd\/","title":{"rendered":"El PSPV exigeix a Catal\u00e1 que deixe de bloquejar el Canal d&#8217;Acc\u00e9s i el Corredor Verd"},"content":{"rendered":"\n<p class=\"has-vivid-red-color has-text-color has-link-color has-medium-font-size wp-elements-bdcf26974c38a3a2c16d105ced2ea6fa\">Els socialistes adverteixen que el seu veto al nomenament de Pilar Bernab\u00e9 paralitza el funcionament de la societat que gestiona una de les majors obres de soterrament ferrovi\u00e0ries d&#8217;Espanya<\/p>\n\n<p class=\"has-vivid-red-color has-text-color has-link-color has-medium-font-size wp-elements-62b88d4bac49937adb9767089ad18364\">Reclamen coher\u00e8ncia al govern municipal: \u201cMentre demana col\u00b7laboraci\u00f3 al Govern en Serradora, embossa el projecte que eliminaria la hist\u00f2rica barrera ferrovi\u00e0ria del sud de Val\u00e8ncia\u201d<\/p>\n\n<p><strong>(Val\u00e8ncia, 30\/04\/2026) La regidora socialista Elisa Val\u00eda ha exigit a Mar\u00eda Jos\u00e9 Catal\u00e1 que abandone la seua \u201cestrat\u00e8gia de bloqueig\u201d sobre els projectes pendents del Canal d&#8217;Acc\u00e9s i que llevant immediatament el veto a la delegada del Govern, Pilar Bernab\u00e9, com a consellera de la Societat Parc Central, \u00f2rgan clau per al desenvolupament d&#8217;aquesta infraestructura.<\/strong><\/p>\n\n<p>Val\u00eda ha denunciat que el \u201centestament\u201d de Catal\u00e1 a impedir la incorporaci\u00f3 de la representant del Govern est\u00e0 provocant un emb\u00f3s en el funcionament ordinari de la societat, responsable de gestionar les obres del Canal d&#8217;Acc\u00e9s de Val\u00e8ncia, considerat un dels majors projectes de soterrament de vies actualment en execuci\u00f3 a Espanya.<\/p>\n\n<p>En aquest sentit, la regidora socialista ha subratllat la contradicci\u00f3 de l&#8217;executiu municipal que, d&#8217;una banda reclama col\u00b7laboraci\u00f3 al Govern d&#8217;Espanya per a actuacions com la de Serradora i, per un altre, \u201cbloqueja deliberadament\u201d l&#8217;\u00f2rgan que ha d&#8217;impulsar una actuaci\u00f3 estrat\u00e8gica per a la ciutat. \u201cEl Canal d&#8217;Acc\u00e9s \u00e9s una intervenci\u00f3 clau per a cosir els barris del sud de Val\u00e8ncia, separats durant d\u00e8cades per la barrera ferrovi\u00e0ria, i no pot seguir condicionat per interessos partidistes\u201d, han assenyalat.<\/p>\n\n<p>La regidora socialista Elisa Val\u00eda ha criticat tamb\u00e9 la moci\u00f3 presentada per l&#8217;alcaldessa en el ple municipal sobre el soterrament de les vies de Serradora: \u201cL&#8217;alcaldessa porta aquesta moci\u00f3 d&#8217;urg\u00e8ncia perqu\u00e8 se li est\u00e0 fent molt costa amunt la segona meitat del seu mandat. No ha ocorregut res que justifique la urg\u00e8ncia, nom\u00e9s busca generar pol\u00e8mica en un dia de ple molt dolent per a ella, tan dolent que han hagut de convocar una roda de premsa a les 9 del mat\u00ed per a presentar unes dades de tr\u00e0nsit tergiversats\u201d.<\/p>\n\n<p>Val\u00eda ha incidit en qu\u00e8, si el govern municipal vol realment accelerar les transformacions urbanes vinculades al soterrament de vies, ha de demostrar-lo amb fets: \u201cParlant del fons i si de veritat el preocupa que es done celeritat a les transformacions urbanes sorgides de soterraments de vies, li demanem que el demostre, que vote a favor de la nostra alternativa en la qual demanem que desbloquege el nomenament de la representant del Govern d&#8217;Espanya en el Consell de la Societat Parc Central per a poder acabar com m\u00e9s prompte millor el Corredor Verd, perqu\u00e8 ac\u00ed est\u00e0 bloquejant la pr\u00f2pia alcaldessa una transformaci\u00f3 urbana vital per a la ciutat. Li demanem que sume, que no reste i li demanem que si no ajudar\u00e0, almenys que no bloquege\u201d, ha concl\u00f2s.<\/p>\n","protected":false},"excerpt":{"rendered":"<p>Els socialistes adverteixen que el seu veto al nomenament de Pilar Bernab\u00e9 paralitza el funcionament de la societat que gestiona una de les majors obres de soterrament ferrovi\u00e0ries d&#8217;Espanya Reclamen coher\u00e8ncia al govern municipal: \u201cMentre demana col\u00b7laboraci\u00f3 al Govern en Serradora, embossa el projecte que eliminaria la hist\u00f2rica barrera ferrovi\u00e0ria del sud de Val\u00e8ncia\u201d (Val\u00e8ncia, [&hellip;]<\/p>\n","protected":false},"author":2,"featured_media":10881,"comment_status":"open","ping_status":"closed","sticky":true,"template":"","format":"standard","meta":{"_acf_changed":false,"footnotes":""},"categories":[47,21,23,22],"tags":[2077,2044,50,49],"class_list":["post-12591","post","type-post","status-publish","format-standard","has-post-thumbnail","hentry","category-nota-de-prensa-va","category-noticia-va","category-sandra_dia-va","category-sandra-reflexiones-va","tag-pilar-bernabe-2","tag-pilar-bernabe-va","tag-pspv-psoe-va","tag-socialistes"],"acf":[],"_links":{"self":[{"href":"https:\/\/pspv-psoevalencia.org\/va\/wp-json\/wp\/v2\/posts\/12591","targetHints":{"allow":["GET"]}}],"collection":[{"href":"https:\/\/pspv-psoevalencia.org\/va\/wp-json\/wp\/v2\/posts"}],"about":[{"href":"https:\/\/pspv-psoevalencia.org\/va\/wp-json\/wp\/v2\/types\/post"}],"author":[{"embeddable":true,"href":"https:\/\/pspv-psoevalencia.org\/va\/wp-json\/wp\/v2\/users\/2"}],"replies":[{"embeddable":true,"href":"https:\/\/pspv-psoevalencia.org\/va\/wp-json\/wp\/v2\/comments?post=12591"}],"version-history":[{"count":1,"href":"https:\/\/pspv-psoevalencia.org\/va\/wp-json\/wp\/v2\/posts\/12591\/revisions"}],"predecessor-version":[{"id":12592,"href":"https:\/\/pspv-psoevalencia.org\/va\/wp-json\/wp\/v2\/posts\/12591\/revisions\/12592"}],"wp:featuredmedia":[{"embeddable":true,"href":"https:\/\/pspv-psoevalencia.org\/va\/wp-json\/wp\/v2\/media\/10881"}],"wp:attachment":[{"href":"https:\/\/pspv-psoevalencia.org\/va\/wp-json\/wp\/v2\/media?parent=12591"}],"wp:term":[{"taxonomy":"category","embeddable":true,"href":"https:\/\/pspv-psoevalencia.org\/va\/wp-json\/wp\/v2\/categories?post=12591"},{"taxonomy":"post_tag","embeddable":true,"href":"https:\/\/pspv-psoevalencia.org\/va\/wp-json\/wp\/v2\/tags?post=12591"}],"curies":[{"name":"wp","href":"https:\/\/api.w.org\/{rel}","templated":true}]}}