{"id":12587,"date":"2026-04-30T09:17:07","date_gmt":"2026-04-30T09:17:07","guid":{"rendered":"https:\/\/pspv-psoevalencia.org\/2026\/04\/30\/el-efecte-anomenada-de-catala-el-transit-embossa-tots-els-barris-de-valencia-pel-seu-politica-procotxe\/"},"modified":"2026-04-30T09:18:44","modified_gmt":"2026-04-30T09:18:44","slug":"el-efecte-anomenada-de-catala-el-transit-embossa-tots-els-barris-de-valencia-pel-seu-politica-procotxe","status":"publish","type":"post","link":"https:\/\/pspv-psoevalencia.org\/va\/2026\/04\/30\/el-efecte-anomenada-de-catala-el-transit-embossa-tots-els-barris-de-valencia-pel-seu-politica-procotxe\/","title":{"rendered":"El \u2018efecte anomenada\u2019 de Catal\u00e1: El tr\u00e0nsit embossa tots els barris de Val\u00e8ncia pel seu pol\u00edtica procotxe"},"content":{"rendered":"\n<ul class=\"wp-block-list\">\n<li class=\"has-vivid-red-color has-text-color has-link-color has-medium-font-size wp-elements-28faac9a1f8880fe52ec883f7a8b1340\">El portaveu socialista den\u00fancia els intents del govern del PP per tractar d&#8217;ocultar una realitat evident que pateixen els valencians di\u00e0riament amb increments de tr\u00e0nsit cada any<\/li>\n\n\n\n<li class=\"has-vivid-red-color has-text-color has-link-color has-medium-font-size wp-elements-715d71050d1588be5a00161d8ea1e356\">\u201cEl problema no eren els carrils bici ni les conversions en zona de vianants sin\u00f3 obrir m\u00e9s carrils perqu\u00e8 cada vegada puguen circular m\u00e9s cotxes pels carrers de la nostra ciutat\u201d<\/li>\n\n\n\n<li class=\"has-vivid-red-color has-text-color has-link-color has-medium-font-size wp-elements-34d36afb288bcfe7294a90f792cc37ab\">El tr\u00e0nsit es dispara un 30% en alguns punts com la Gran Via Germanies i m\u00e9s d&#8217;un 3% en tota la ciutat<\/li>\n<\/ul>\n\n<p><strong>(Val\u00e8ncia 30\/4\/2026) El portaveu socialista Borja Sanjuan ha denunciat que Val\u00e8ncia est\u00e0 patint les conseq\u00fc\u00e8ncies de l&#8217;efecte anomenada que ha provocat la pol\u00edtica procotxe que ha desenvolupat Mar\u00eda Jos\u00e9 Catal\u00e1 durant els seus tres anys al capdavant de l&#8217;Ajuntament: \u201cVal\u00e8ncia est\u00e0 completament embossada i la millor demostraci\u00f3 que aquest problema se li ha anat de les mans a l&#8217;alcaldessa \u00e9s que ha de convocar d&#8217;urg\u00e8ncia rodes de premsa per a negar una realitat palesa que pateixen tots els valencians i valencianes\u201d. <\/strong><\/p>\n\n<p>\u201cTots els que vivim a Val\u00e8ncia o els que venen a Val\u00e8ncia s\u00f3n conscients que hui a la ciutat hi ha m\u00e9s tr\u00e0nsit del que hi havia. Portem anys dient que fer una pol\u00edtica que fomenta l&#8217;\u00fas del cotxe solament genera que vinguen m\u00e9s cotxes a Val\u00e8ncia, per\u00f2 el PP i Vox han insistit a seguir avant amb el seu pla d&#8217;omplir de vehicles la ciutat\u201d, ha assenyalat minuts abans del ple ordinari d&#8217;abril.<\/p>\n\n<p>El responsable socialista ha recordat quan el PP en l&#8217;oposici\u00f3 denunciava que els carrils bici i les conversions en zona de vianants anaven a col\u00b7lapsar la ciutat. \u201cB\u00e9, perqu\u00e8 en aquests tres anys s&#8217;ha demostrat que el problema, al final, ha sigut obrir m\u00e9s carrils al cotxe per a fer un efecte anomenada. I est, que no ho nomenen tant com uns altres que s\u00ed que els agrada utilitzar, s\u00ed que ha col\u00b7lapsat Val\u00e8ncia. De fet, en la Gran Via Germanies s&#8217;ha produ\u00eft un augment del 30% del tr\u00e0nsit registrat en l&#8217;\u00faltim any. I aix\u00ed ho certifiquen les seues pr\u00f2pies dades, els que ofereix l&#8217;Ajuntament, encara que despr\u00e9s el regidor de Mobilitat vulga fer paranys per a enganyar els valencians\u201d, ha continuat. <\/p>\n\n<p><p style=\"text-align: justify; text-justify: inter-ideograph; background: white;\"><span class=\"Ninguno\"><span lang=\"ES-TRAD\" style=\"font-size: 11.0pt; font-family: 'Arial','sans-serif';\">Sanjuan ha criticat que el govern de Catal\u00e1 porta tot el mandat intentant fer veure \u201cque aix\u00f2 era un invent de l&#8217;oposici\u00f3. Per\u00f2 cada vegada tenien menys buit perqu\u00e8 no podien conv\u00e9ncer a ning\u00fa i fins als mitjans de comunicaci\u00f3 els ha dedicat portades assenyalant-los un problema que veu tothom menys Catal\u00e1 i el seu regidor de Mobilitat\u201d, ha finalitzat.<\/span><\/span><\/p><\/p>\n","protected":false},"excerpt":{"rendered":"<p>(Val\u00e8ncia 30\/4\/2026) El portaveu socialista Borja Sanjuan ha denunciat que Val\u00e8ncia est\u00e0 patint les conseq\u00fc\u00e8ncies de l&#8217;efecte anomenada que ha provocat la pol\u00edtica procotxe que ha desenvolupat Mar\u00eda Jos\u00e9 Catal\u00e1 durant els seus tres anys al capdavant de l&#8217;Ajuntament: \u201cVal\u00e8ncia est\u00e0 completament embossada i la millor demostraci\u00f3 que aquest problema se li ha anat de [&hellip;]<\/p>\n","protected":false},"author":2,"featured_media":12585,"comment_status":"open","ping_status":"closed","sticky":false,"template":"","format":"standard","meta":{"_acf_changed":false,"footnotes":""},"categories":[47,21,23],"tags":[1199,78,2167,1765,2165,123,2166,414,74,1161,53,51,50,75,49,293,1159,1181,489,54],"class_list":["post-12587","post","type-post","status-publish","format-standard","has-post-thumbnail","hentry","category-nota-de-prensa-va","category-noticia-va","category-sandra_dia-va","tag-abando","tag-barris","tag-carrils","tag-circulacio","tag-colapse","tag-cotxe","tag-efecte-cridada","tag-embos","tag-gestio","tag-maria-coche-va","tag-maria-jose-catala-va","tag-pp-va","tag-pspv-psoe-va","tag-ruina-va","tag-socialistes","tag-transit","tag-vehicle","tag-vehicle-privat","tag-vehicles","tag-vox-va"],"acf":[],"_links":{"self":[{"href":"https:\/\/pspv-psoevalencia.org\/va\/wp-json\/wp\/v2\/posts\/12587","targetHints":{"allow":["GET"]}}],"collection":[{"href":"https:\/\/pspv-psoevalencia.org\/va\/wp-json\/wp\/v2\/posts"}],"about":[{"href":"https:\/\/pspv-psoevalencia.org\/va\/wp-json\/wp\/v2\/types\/post"}],"author":[{"embeddable":true,"href":"https:\/\/pspv-psoevalencia.org\/va\/wp-json\/wp\/v2\/users\/2"}],"replies":[{"embeddable":true,"href":"https:\/\/pspv-psoevalencia.org\/va\/wp-json\/wp\/v2\/comments?post=12587"}],"version-history":[{"count":1,"href":"https:\/\/pspv-psoevalencia.org\/va\/wp-json\/wp\/v2\/posts\/12587\/revisions"}],"predecessor-version":[{"id":12588,"href":"https:\/\/pspv-psoevalencia.org\/va\/wp-json\/wp\/v2\/posts\/12587\/revisions\/12588"}],"wp:featuredmedia":[{"embeddable":true,"href":"https:\/\/pspv-psoevalencia.org\/va\/wp-json\/wp\/v2\/media\/12585"}],"wp:attachment":[{"href":"https:\/\/pspv-psoevalencia.org\/va\/wp-json\/wp\/v2\/media?parent=12587"}],"wp:term":[{"taxonomy":"category","embeddable":true,"href":"https:\/\/pspv-psoevalencia.org\/va\/wp-json\/wp\/v2\/categories?post=12587"},{"taxonomy":"post_tag","embeddable":true,"href":"https:\/\/pspv-psoevalencia.org\/va\/wp-json\/wp\/v2\/tags?post=12587"}],"curies":[{"name":"wp","href":"https:\/\/api.w.org\/{rel}","templated":true}]}}