{"id":12581,"date":"2026-04-29T09:00:43","date_gmt":"2026-04-29T09:00:43","guid":{"rendered":"https:\/\/pspv-psoevalencia.org\/2026\/04\/29\/bernabe-en-benicalap-es-pot-veure-la-marca-de-catala-en-els-barris-labando\/"},"modified":"2026-04-30T09:05:46","modified_gmt":"2026-04-30T09:05:46","slug":"bernabe-en-benicalap-es-pot-veure-la-marca-de-catala-en-els-barris-labando","status":"publish","type":"post","link":"https:\/\/pspv-psoevalencia.org\/va\/2026\/04\/29\/bernabe-en-benicalap-es-pot-veure-la-marca-de-catala-en-els-barris-labando\/","title":{"rendered":"Bernab\u00e9: \u201cEn Benicalap es pot veure la marca de Catal\u00e1 en els barris: l&#8217;aband\u00f3\u201d"},"content":{"rendered":"\n<ul class=\"wp-block-list\">\n<li class=\"has-vivid-red-color has-text-color has-link-color has-medium-font-size wp-elements-667e103c34675f9942afbed8c3a020e5\">La secret\u00e0ria general dels socialistes denuncia la retallada i el bloqueig de l&#8217;ampliaci\u00f3 del Parc de Benicalap que va deixar aprovada l&#8217;anterior govern progressista amb els socialistes<\/li>\n\n\n\n<li class=\"has-vivid-red-color has-text-color has-link-color has-medium-font-size wp-elements-1cd552a4dd83dceb5a89ce181abb8803\">\u201cUna altra vegada el govern de Catal\u00e1 impedeix l&#8217;execuci\u00f3 de grans zones verdes que han d&#8217;exercir de pulmons verds per a la ciutat\u201d<\/li>\n\n\n\n<li class=\"has-vivid-red-color has-text-color has-link-color has-medium-font-size wp-elements-bee5e109686758c3ddfeabab04a1ebdc\">La candidata critica que en tres anys el PP no ha avan\u00e7at absolutament res en la rehabilitaci\u00f3 de la Ceramo, del Casino de l&#8217;Americ\u00e0 ni en les alqueries del Moro i de la Torre<\/li>\n<\/ul>\n\n<p><strong>(Val\u00e8ncia 29\/4\/2026) La secret\u00e0ria general dels socialistes a Val\u00e8ncia, Pilar Bernab\u00e9, ha denunciat la pol\u00edtica d&#8217;aband\u00f3 dels barris que est\u00e0 executant Mar\u00eda Jos\u00e9 Catal\u00e1 en contra dels ve\u00efns i ve\u00efnes dels barris. Bernab\u00e9 s&#8217;ha manifestat d&#8217;aquesta manera durant la visita que ha realitzat a Benicalap de la m\u00e0 d&#8217;entitats i col\u00b7lectius del barri, els qui han assenyalat la retallada d&#8217;inversions que est\u00e0 practicant el govern del PP i Vox en el barri com, per exemple, en l&#8217;ampliaci\u00f3 del Parc de Benicalap. <\/strong><\/p>\n\n<p>En aquest sentit, la candidata a l&#8217;Alcaldia ha recordat que l&#8217;anterior govern progressista, amb els socialistes en Urbanisme, van impulsar l&#8217;ampliaci\u00f3 del parc en tres fases, amb la redacci\u00f3 del projecte, la rehabilitaci\u00f3 de les alqueries de la Torre, del Moro i el Casino de l&#8217;Americ\u00e0, que servirien com a dotacions municipals. \u201cPer\u00f2 el que ha fet Catal\u00e1, en canvi, \u00e9s paralitzar la tramitaci\u00f3 i retallar el projecte tal com estava previst. De fet, la seua principal aportaci\u00f3 \u00e9s que els cotxes puguen passar de nou pel carrer Andreu Alfaro, un dels accessos del parc. En lloc d&#8217;atendre les reivindicacions dels ve\u00efns, Catal\u00e1 prefereix donar-los l&#8217;esquena, rebutjar el parc, la rehabilitaci\u00f3 del patrimoni i les dotacions que estaven projectades. Perqu\u00e8 tot el que no siga fer negoci amb la ciutat no li importa absolutament res\u201d, ha indicat.<\/p>\n\n<p>\u201cUna altra vegada, el govern de Catal\u00e1 bloqueja grans zones verdes que han d&#8217;exercir de pulmons per a la ciutat. Ho est\u00e0 fent amb el Corredor Verd i la Rambleta, per\u00f2 ac\u00ed, en Benicalap, vol castigar tamb\u00e9 els ve\u00efns i ve\u00efnes llevant-los la possibilitat de gaudir d&#8217;aquest gran espais lliure\u201d, ha insistit. <\/p>\n\n<p>En aquest sentit, ha incidit en qu\u00e8 l&#8217;aband\u00f3 que pateix Benicalap \u00e9s una mostra m\u00e9s del menyspreu del govern de Catal\u00e1 pels 87 barris de la ciutat, \u201cals quals condemna sense inversions, sense transport p\u00fabic, sense neteja, sense policia de barri i sense plantar ni un sol arbre. Tota la seua gesti\u00f3 es resumeix en una sola paraula: emb\u00f3s. I no sols de tr\u00e0nsit, que tamb\u00e9, perqu\u00e8 hem vist com s&#8217;est\u00e0 disparant l&#8217;\u00fas del cotxe davant les retallades en el transport p\u00fablic, sin\u00f3 tamb\u00e9 en la paralitzaci\u00f3 de projectes verds, culturals i patrimonials per als barris com Benicalap, que necessiten de dotacions de manera urgent\u201d, ha apuntat.<\/p>\n\n<p>En la mateixa situaci\u00f3 de bloqueig, ha destacat Bernab\u00e9, es troba la Ceramo, un edifici, el projecte de rehabilitaci\u00f3 del qual va redactar l&#8217;anterior govern progressista i que s&#8217;anava a convertir en un espai sociocultural per al barri de la m\u00e0 de la Universitat Polit\u00e8cnica de Val\u00e8ncia (UPV) o el Centre de Serveis Socials en el mercat municipal que el PP segueix sense acabar.<\/p>\n\n<p><strong>Poliesportiu abandonat<\/strong><\/p>\n\n<p>La l\u00edder dels socialistes ha sumat a les seues cr\u00edtiques cap a la gesti\u00f3 de Catal\u00e1 l&#8217;actuaci\u00f3 que s&#8217;ha executat en el poliesportiu de Benicalap, que es va anunciar com una reforma, per\u00f2 que s&#8217;ha quedat finalment en una \u201crentada de cara mal fet perqu\u00e8 a penes s&#8217;han canviat els taulells que s&#8217;havien trencat en lloc d&#8217;afrontar una intervenci\u00f3 completa\u201d, ha subratllat.<\/p>\n\n<p>\u201cEl que veiem en Benicalap \u00e9s la marca de Mar\u00eda Jos\u00e9 Catal\u00e1: abandonar els barris i pensar exclusivament en el negoci que pot fer amb aquesta ciutat en lloc d&#8217;atendre les necessitats dels seus ve\u00efns i ve\u00efnes\u201d, ha finalitzat.<\/p>\n","protected":false},"excerpt":{"rendered":"<p>(Val\u00e8ncia 29\/4\/2026) La secret\u00e0ria general dels socialistes a Val\u00e8ncia, Pilar Bernab\u00e9, ha denunciat la pol\u00edtica d&#8217;aband\u00f3 dels barris que est\u00e0 executant Mar\u00eda Jos\u00e9 Catal\u00e1 en contra dels ve\u00efns i ve\u00efnes dels barris. Bernab\u00e9 s&#8217;ha manifestat d&#8217;aquesta manera durant la visita que ha realitzat a Benicalap de la m\u00e0 d&#8217;entitats i col\u00b7lectius del barri, els qui [&hellip;]<\/p>\n","protected":false},"author":2,"featured_media":12579,"comment_status":"open","ping_status":"closed","sticky":true,"template":"","format":"standard","meta":{"_acf_changed":false,"footnotes":""},"categories":[81,47,21,23,22],"tags":[1199,78,1221,74,53,2044,51,50,75,49,54],"class_list":["post-12581","post","type-post","status-publish","format-standard","has-post-thumbnail","hentry","category-acte-va","category-nota-de-prensa-va","category-noticia-va","category-sandra_dia-va","category-sandra-reflexiones-va","tag-abando","tag-barris","tag-benicalap-va","tag-gestio","tag-maria-jose-catala-va","tag-pilar-bernabe-va","tag-pp-va","tag-pspv-psoe-va","tag-ruina-va","tag-socialistes","tag-vox-va"],"acf":[],"_links":{"self":[{"href":"https:\/\/pspv-psoevalencia.org\/va\/wp-json\/wp\/v2\/posts\/12581","targetHints":{"allow":["GET"]}}],"collection":[{"href":"https:\/\/pspv-psoevalencia.org\/va\/wp-json\/wp\/v2\/posts"}],"about":[{"href":"https:\/\/pspv-psoevalencia.org\/va\/wp-json\/wp\/v2\/types\/post"}],"author":[{"embeddable":true,"href":"https:\/\/pspv-psoevalencia.org\/va\/wp-json\/wp\/v2\/users\/2"}],"replies":[{"embeddable":true,"href":"https:\/\/pspv-psoevalencia.org\/va\/wp-json\/wp\/v2\/comments?post=12581"}],"version-history":[{"count":1,"href":"https:\/\/pspv-psoevalencia.org\/va\/wp-json\/wp\/v2\/posts\/12581\/revisions"}],"predecessor-version":[{"id":12582,"href":"https:\/\/pspv-psoevalencia.org\/va\/wp-json\/wp\/v2\/posts\/12581\/revisions\/12582"}],"wp:featuredmedia":[{"embeddable":true,"href":"https:\/\/pspv-psoevalencia.org\/va\/wp-json\/wp\/v2\/media\/12579"}],"wp:attachment":[{"href":"https:\/\/pspv-psoevalencia.org\/va\/wp-json\/wp\/v2\/media?parent=12581"}],"wp:term":[{"taxonomy":"category","embeddable":true,"href":"https:\/\/pspv-psoevalencia.org\/va\/wp-json\/wp\/v2\/categories?post=12581"},{"taxonomy":"post_tag","embeddable":true,"href":"https:\/\/pspv-psoevalencia.org\/va\/wp-json\/wp\/v2\/tags?post=12581"}],"curies":[{"name":"wp","href":"https:\/\/api.w.org\/{rel}","templated":true}]}}