{"id":12575,"date":"2026-04-28T11:29:01","date_gmt":"2026-04-28T11:29:01","guid":{"rendered":"https:\/\/pspv-psoevalencia.org\/2026\/04\/28\/el-transit-segueix-disparat-en-tota-valencia-amb-augments-de-mes-del-30-en-germanies\/"},"modified":"2026-04-28T11:30:36","modified_gmt":"2026-04-28T11:30:36","slug":"el-transit-segueix-disparat-en-tota-valencia-amb-augments-de-mes-del-30-en-germanies","status":"publish","type":"post","link":"https:\/\/pspv-psoevalencia.org\/va\/2026\/04\/28\/el-transit-segueix-disparat-en-tota-valencia-amb-augments-de-mes-del-30-en-germanies\/","title":{"rendered":"El tr\u00e0nsit segueix disparat en tota Val\u00e8ncia amb augments de m\u00e9s del 30% en Germanies"},"content":{"rendered":"\n<ul class=\"wp-block-list\">\n<li class=\"has-vivid-red-color has-text-color has-link-color has-medium-font-size wp-elements-41f768f23b3c88f255eaa8b95acb427e\">Elisa Val\u00eda den\u00fancia que la pol\u00edtica procotxe de Catal\u00e1 continua generant conseq\u00fc\u00e8ncies en la circulaci\u00f3 de tota la ciutat, que creix sistem\u00e0ticament en els barris del sud i del nord<\/li>\n\n\n\n<li class=\"has-vivid-red-color has-text-color has-link-color has-medium-font-size wp-elements-3f2f06746495898f47096feba78cede3\">\u201cLa ciutat est\u00e0 cada dia m\u00e9s embossada per les mesures del govern del PP i, en lloc de posar solucions, es continuen aprovant mesures perqu\u00e8 entren m\u00e9s cotxes a la ciutat\u201d<\/li>\n<\/ul>\n\n<p><strong>(Val\u00e8ncia 28\/4\/2026) La regidora socialista Elisa Val\u00eda ha denunciat l&#8217;augment generalitzat del tr\u00e0nsit que s&#8217;ha produ\u00eft en l&#8217;\u00faltim any a Val\u00e8ncia amb increments de m\u00e9s de 16.000 vehicles al mes en Germanies, que ha passat, per exemple, de registrar 54.175 cotxes a 70.543 al mar\u00e7 de 2026 (33%), o en Els Tarongers, on s&#8217;ha passat dels 45.204 vehicles al mes als 49.716. <\/strong><\/p>\n\n<p>\u201cEstem parlant de pujades que en alguns punts de la ciutat superen el 33% en un any, la qual cosa certifica el gran emb\u00f3s que est\u00e0 patint Val\u00e8ncia a conseq\u00fc\u00e8ncia de la pol\u00edtica procotxe que ha implantat Mar\u00eda Jos\u00e9 Catal\u00e1 al llarg d&#8217;aquests tres anys. Aquesta \u00e9s la conseq\u00fc\u00e8ncia directa de donar via lliure al cotxe privat, d&#8217;abandonar l&#8217;EMT i de canviar projectes verds per a continuar generant carreteres urbanes\u201d, ha apuntat Elisa *Val\u00eda despr\u00e9s d&#8217;analitzar les dades d&#8217;intensitats mitjanes de tr\u00e0nsit de Val\u00e8ncia de mar\u00e7 de 2026 respecte a les de mar\u00e7 de l&#8217;any passat.<\/p>\n\n<p>L&#8217;edil ha assenyalat que el creixement del tr\u00e0nsit es produeix de manera generalitzada en tota la ciutat i, per tant, no s\u00f3n conseq\u00fc\u00e8ncia de les obres de P\u00e9rez Gald\u00f3s com intenta justificar el govern del PP. \u201cHi ha increments importants de vehicles en pr\u00e0cticament totes les vies, des de Blasco Ib\u00e1\u00f1ez, fins a Primacial Reig, passant pel bulevard sud, l&#8217;avinguda del Cid o fins i tot l&#8217;avinguda dels Tarongers on, casualment, Catal\u00e1 va modificar el carrer per a poder incloure m\u00e9s aparcaments de cotxes. \u00c9s a dir, que ha funcionat l&#8217;efecte anomenada que pretenia aquest govern municipal i ara els alumnes utilitzen m\u00e9s el cotxe per a arribar a la universitat en lloc del transport p\u00fablic, la bicicleta o els patinets\u201d, ha continuat.<\/p>\n\n<p>En Primacial Reig, en el tram m\u00e9s pr\u00f2xim a Jaume Roig, s&#8217;ha passat dels 32.693 que es van registrar en 2025 als m\u00e9s de 37.420 de mar\u00e7 d&#8217;enguany. \u00c9s a dir, en tot just un any aquesta via ha vist com passen quasi 4.000 cotxes m\u00e9s al mes. En Sant Pius V, igualment, s&#8217;ha passat de 33.800 a 34.984, o en Serradora, que s&#8217;ha disparat el tr\u00e0nsit de 43.135 cotxes als 46.192 actuals.<\/p>\n\n<p>Col\u00f3n i La Paz Val\u00eda ha assenyalat tamb\u00e9 la situaci\u00f3 de Ciutat Vella, on els vehicles privats no deixen de cr\u00e9ixer des que el govern de Catal\u00e1 \u201cva decidir ampliar carrils al carrer Col\u00f3n i convertir el centre en una drecera per a travessar la ciutat\u201d. En Col\u00f3n passen m\u00e9s de 1.000 cotxes m\u00e9s en l&#8217;\u00faltim any i altres 1.000 m\u00e9s al carrer de la Pau, que passen de 10.200 de 2025 als 11.130 actuals. Un creixement que es contagia tamb\u00e9 a l&#8217;\u00faltim tram del carrer Guill\u00e9m de Castro, on tamb\u00e9 puja el tr\u00e0nsit en m\u00e9s de 1.000 cotxes al mes.<\/p>\n","protected":false},"excerpt":{"rendered":"<p>(Val\u00e8ncia 28\/4\/2026) La regidora socialista Elisa Val\u00eda ha denunciat l&#8217;augment generalitzat del tr\u00e0nsit que s&#8217;ha produ\u00eft en l&#8217;\u00faltim any a Val\u00e8ncia amb increments de m\u00e9s de 16.000 vehicles al mes en Germanies, que ha passat, per exemple, de registrar 54.175 cotxes a 70.543 al mar\u00e7 de 2026 (33%), o en Els Tarongers, on s&#8217;ha passat [&hellip;]<\/p>\n","protected":false},"author":2,"featured_media":11294,"comment_status":"open","ping_status":"closed","sticky":false,"template":"","format":"standard","meta":{"_acf_changed":false,"footnotes":""},"categories":[47,21],"tags":[50,49],"class_list":["post-12575","post","type-post","status-publish","format-standard","has-post-thumbnail","hentry","category-nota-de-prensa-va","category-noticia-va","tag-pspv-psoe-va","tag-socialistes"],"acf":[],"_links":{"self":[{"href":"https:\/\/pspv-psoevalencia.org\/va\/wp-json\/wp\/v2\/posts\/12575","targetHints":{"allow":["GET"]}}],"collection":[{"href":"https:\/\/pspv-psoevalencia.org\/va\/wp-json\/wp\/v2\/posts"}],"about":[{"href":"https:\/\/pspv-psoevalencia.org\/va\/wp-json\/wp\/v2\/types\/post"}],"author":[{"embeddable":true,"href":"https:\/\/pspv-psoevalencia.org\/va\/wp-json\/wp\/v2\/users\/2"}],"replies":[{"embeddable":true,"href":"https:\/\/pspv-psoevalencia.org\/va\/wp-json\/wp\/v2\/comments?post=12575"}],"version-history":[{"count":1,"href":"https:\/\/pspv-psoevalencia.org\/va\/wp-json\/wp\/v2\/posts\/12575\/revisions"}],"predecessor-version":[{"id":12576,"href":"https:\/\/pspv-psoevalencia.org\/va\/wp-json\/wp\/v2\/posts\/12575\/revisions\/12576"}],"wp:featuredmedia":[{"embeddable":true,"href":"https:\/\/pspv-psoevalencia.org\/va\/wp-json\/wp\/v2\/media\/11294"}],"wp:attachment":[{"href":"https:\/\/pspv-psoevalencia.org\/va\/wp-json\/wp\/v2\/media?parent=12575"}],"wp:term":[{"taxonomy":"category","embeddable":true,"href":"https:\/\/pspv-psoevalencia.org\/va\/wp-json\/wp\/v2\/categories?post=12575"},{"taxonomy":"post_tag","embeddable":true,"href":"https:\/\/pspv-psoevalencia.org\/va\/wp-json\/wp\/v2\/tags?post=12575"}],"curies":[{"name":"wp","href":"https:\/\/api.w.org\/{rel}","templated":true}]}}