{"id":12571,"date":"2026-04-27T11:33:17","date_gmt":"2026-04-27T11:33:17","guid":{"rendered":"https:\/\/pspv-psoevalencia.org\/2026\/04\/27\/catala-i-vox-posen-en-perill-la-salut-de-les-persones-majors-per-la-falta-de-climatitzacio-en-centres-municipals\/"},"modified":"2026-04-27T11:34:47","modified_gmt":"2026-04-27T11:34:47","slug":"catala-i-vox-posen-en-perill-la-salut-de-les-persones-majors-per-la-falta-de-climatitzacio-en-centres-municipals","status":"publish","type":"post","link":"https:\/\/pspv-psoevalencia.org\/va\/2026\/04\/27\/catala-i-vox-posen-en-perill-la-salut-de-les-persones-majors-per-la-falta-de-climatitzacio-en-centres-municipals\/","title":{"rendered":"Catal\u00e1 i Vox posen en perill la salut de les persones majors\u201d per la falta de climatitzaci\u00f3 en centres municipals"},"content":{"rendered":"\n<ul class=\"wp-block-list has-vivid-red-color has-text-color has-link-color has-medium-font-size wp-elements-d2996ea3679ccbf70279f66b625fbfc2\">\n<li>Maite Ib\u00e1\u00f1ez denuncia que el centre de Verge dels Desemparats porta mesos amb l&#8217;aire condicionat desbaratat i les cortines que trencades<\/li>\n<\/ul>\n\n<p><strong>(Val\u00e8ncia, 27\/04\/2026) La regidora del Grup Municipal Socialista, Maite Ib\u00e1\u00f1ez, ha denunciat la situaci\u00f3 que estan vivint centenars de persones majors en centres municipals de Val\u00e8ncia a causa de la falta de climatitzaci\u00f3, i ha acusat el govern de Mar\u00eda Jos\u00e9 Catal\u00e1 de \u201cabandonar\u201d unes condicions b\u00e0siques de benestar. En concret, han denunciat la situaci\u00f3 del centre de Verge dels Desamparats, on l&#8217;aire condicionat no funciona res des de fa mesos.<\/strong><\/p>\n\n<p>\u201c\u00c9s lamentable que els centenars de persones majors estiguen patint la calor perqu\u00e8 la senyora Catal\u00e1 siga incapa\u00e7 d&#8217;arreglar el sistema d&#8217;aire condicionat\u201d, ha afirmat Ib\u00e1\u00f1ez, qui ha advertit que aquesta situaci\u00f3 \u201cest\u00e0 afectant directament la salut dels usuaris i usu\u00e0ries\u201d.<\/p>\n\n<p>L&#8217;edil socialista ha subratllat que es tracta d&#8217;un problema greu en espais on es desenvolupen \u201cactivitats essencials per al benestar de les persones majors\u201d. En el cas de Verge dels Desemparats ha explicat que \u201cles persones majors estan patint marejos perqu\u00e8 la cafeteria, que \u00e9s el principal espai d&#8217;activitats, porta mesos amb l&#8217;aire condicionat desbaratat i les cortines que protegeixen del sol estan trencades\u201d. A m\u00e9s, ha denunciat la falta de resposta per part de l&#8217;Ajuntament perqu\u00e8 \u201cestan cridant reiteradament sense obtindre cap soluci\u00f3\u201d.<\/p>\n\n<p>Davant aquesta situaci\u00f3, des del Grup Municipal Socialista exigeixen mesures urgents. \u201cDemanem que la senyora Catal\u00e1 pose en marxa un pla de climatitzaci\u00f3 de tots els centres de persones majors per a garantir condicions adequades per a la seua salut\u201d, ha reclamat. La regidora ha advertit tamb\u00e9 del context d&#8217;emerg\u00e8ncia clim\u00e0tica i de l&#8217;impacte que la calor t\u00e9 sobre la poblaci\u00f3 m\u00e9s vulnerable. \u201cA les portes de l&#8217;estiu, sabem que els nivells de mortalitat en les persones majors augmenten per les altes temperatures. No hi ha dret al fet que estiguen patint aquestes condicions perqu\u00e8 el PP de la senyora Catal\u00e1 els done l&#8217;esquena\u201d, ha concl\u00f2s.<\/p>\n","protected":false},"excerpt":{"rendered":"<p>(Val\u00e8ncia, 27\/04\/2026) La regidora del Grup Municipal Socialista, Maite Ib\u00e1\u00f1ez, ha denunciat la situaci\u00f3 que estan vivint centenars de persones majors en centres municipals de Val\u00e8ncia a causa de la falta de climatitzaci\u00f3, i ha acusat el govern de Mar\u00eda Jos\u00e9 Catal\u00e1 de \u201cabandonar\u201d unes condicions b\u00e0siques de benestar. En concret, han denunciat la situaci\u00f3 [&hellip;]<\/p>\n","protected":false},"author":2,"featured_media":10590,"comment_status":"open","ping_status":"closed","sticky":false,"template":"","format":"standard","meta":{"_acf_changed":false,"footnotes":""},"categories":[47,21],"tags":[74,53,50,49],"class_list":["post-12571","post","type-post","status-publish","format-standard","has-post-thumbnail","hentry","category-nota-de-prensa-va","category-noticia-va","tag-gestio","tag-maria-jose-catala-va","tag-pspv-psoe-va","tag-socialistes"],"acf":[],"_links":{"self":[{"href":"https:\/\/pspv-psoevalencia.org\/va\/wp-json\/wp\/v2\/posts\/12571","targetHints":{"allow":["GET"]}}],"collection":[{"href":"https:\/\/pspv-psoevalencia.org\/va\/wp-json\/wp\/v2\/posts"}],"about":[{"href":"https:\/\/pspv-psoevalencia.org\/va\/wp-json\/wp\/v2\/types\/post"}],"author":[{"embeddable":true,"href":"https:\/\/pspv-psoevalencia.org\/va\/wp-json\/wp\/v2\/users\/2"}],"replies":[{"embeddable":true,"href":"https:\/\/pspv-psoevalencia.org\/va\/wp-json\/wp\/v2\/comments?post=12571"}],"version-history":[{"count":1,"href":"https:\/\/pspv-psoevalencia.org\/va\/wp-json\/wp\/v2\/posts\/12571\/revisions"}],"predecessor-version":[{"id":12572,"href":"https:\/\/pspv-psoevalencia.org\/va\/wp-json\/wp\/v2\/posts\/12571\/revisions\/12572"}],"wp:featuredmedia":[{"embeddable":true,"href":"https:\/\/pspv-psoevalencia.org\/va\/wp-json\/wp\/v2\/media\/10590"}],"wp:attachment":[{"href":"https:\/\/pspv-psoevalencia.org\/va\/wp-json\/wp\/v2\/media?parent=12571"}],"wp:term":[{"taxonomy":"category","embeddable":true,"href":"https:\/\/pspv-psoevalencia.org\/va\/wp-json\/wp\/v2\/categories?post=12571"},{"taxonomy":"post_tag","embeddable":true,"href":"https:\/\/pspv-psoevalencia.org\/va\/wp-json\/wp\/v2\/tags?post=12571"}],"curies":[{"name":"wp","href":"https:\/\/api.w.org\/{rel}","templated":true}]}}