{"id":12568,"date":"2026-04-27T11:28:26","date_gmt":"2026-04-27T11:28:26","guid":{"rendered":"https:\/\/pspv-psoevalencia.org\/2026\/04\/27\/els-socialistes-denuncien-la-negligent-gestio-de-catala-davant-la-contaminacio-de-les-sequies\/"},"modified":"2026-04-27T11:29:52","modified_gmt":"2026-04-27T11:29:52","slug":"els-socialistes-denuncien-la-negligent-gestio-de-catala-davant-la-contaminacio-de-les-sequies","status":"publish","type":"post","link":"https:\/\/pspv-psoevalencia.org\/va\/2026\/04\/27\/els-socialistes-denuncien-la-negligent-gestio-de-catala-davant-la-contaminacio-de-les-sequies\/","title":{"rendered":"Els socialistes denuncien la negligent gesti\u00f3 de Catal\u00e1 davant la contaminaci\u00f3 de les s\u00e9quies"},"content":{"rendered":"\n<ul class=\"wp-block-list\">\n<li class=\"has-vivid-red-color has-text-color has-link-color has-medium-font-size wp-elements-eca72e3d54c4aaf282ec7bad567c9605\">Elisa Val\u00eda den\u00fancia l&#8217;exist\u00e8ncia d&#8217;abocaments en la s\u00e9quia de Benimaclet sense que l&#8217;Ajuntament haja pres cap mesura per a depurar aigua que arriba a les platges<\/li>\n\n\n\n<li class=\"has-vivid-red-color has-text-color has-link-color has-medium-font-size wp-elements-151bd5b8afe9a32f34b63bfba0283f3a\">\u201c\u00c9s preocupant el desistiment de funcions de l&#8217;alcaldessa, que es preocupa m\u00e9s per les fotos que per gestionar una ciutat que ni ent\u00e9n ni el preocupa gens ni mica\u201d<\/li>\n<\/ul>\n\n<p><strong>(Val\u00e8ncia, 27\/4\/2026) La regidora socialista Elisa Val\u00eda ha advertit del \u201caband\u00f3 evident\u201d que pateix la ciutat en mat\u00e8ria mediambiental i ha assenyalat directament al govern de Mar\u00eda Jos\u00e9 Catal\u00e1 per no actuar davant un abocament contaminant detectat en les s\u00e9quies que discorren per Benimaclet. V\u00e0lua ha emmarcat aquesta situaci\u00f3 dins d&#8217;una pol\u00edtica general de \u201cnegacionisme ambiental\u201d per part de l&#8217;Ajuntament del PP i Vox, al qual acusa de desoir tant les demandes ve\u00efnals com els criteris t\u00e8cnics i cient\u00edfics en mat\u00e8ria de sostenibilitat. En aquest sentit, ha recordat que el govern municipal no sols ha renunciat a aplicar mesures efectives contra la contaminaci\u00f3, com una Zona de Baixes Emissions real, sin\u00f3 que a m\u00e9s \u201cs&#8217;alinea amb discursos que q\u00fcestionen l&#8217;evid\u00e8ncia cient\u00edfica del canvi clim\u00e0tic\u201d.<\/strong><\/p>\n\n<p>\u201cEstem davant un govern que nega la realitat: nega l&#8217;impacte del tr\u00e0nsit en la qualitat de l&#8217;aire, nega la necessitat d&#8217;actuar contra la contaminaci\u00f3 i ara tamb\u00e9 nega un problema evident en les nostres s\u00e9quies\u201d, ha assenyalat. L&#8217;edil socialista ha incidit en les conseq\u00fc\u00e8ncies directes d&#8217;aquest abocament, tant des del punt de vista ambiental com sanitari, i ha alertat del seu impacte sobre l&#8217;horta valenciana i les platges de la ciutat.<\/p>\n\n<p>\u201cL&#8217;aband\u00f3 de la ciutat arriba tamb\u00e9, per descomptat, a les s\u00e9quies i aix\u00f2 \u00e9s especialment preocupant per la situaci\u00f3 de contaminaci\u00f3 i d&#8217;insalubritat que provoca. L&#8217;estat lamentable de les aig\u00fces en les s\u00e9quies que discorren per Benimaclet \u00e9s molt preocupant perqu\u00e8 s\u00f3n les aig\u00fces que serveixen a l&#8217;horta i perqu\u00e8 s\u00f3n les aig\u00fces que acaben a les nostres platges. Mar\u00eda Jos\u00e9 Catal\u00e1 no pot continuar amb aquesta actitud de des\u00eddia perqu\u00e8 ha de fer-se c\u00e0rrec de la gesti\u00f3 de la ciutat, ha d&#8217;entendre que ser alcaldessa \u00e9s molt m\u00e9s que fer-se fotos boniques on a una li ve b\u00e9 i la nostra horta i les nostres platges no poden ser tamb\u00e9 v\u00edctimes del desgovern que caracteritza el seu mandat\u201d, ha sostingut.<\/p>\n\n<p>L&#8217;edil ha exigit \u201cque envie urgentment a un equip de t\u00e8cnics que puga arreplegar mostres i analitzar-les per a identificar els abocaments que s&#8217;han produ\u00eft en aquestes s\u00e9quies i que permeta identificar tamb\u00e9 a la persona que l&#8217;ha provocat i que estenga l&#8217;an\u00e0lisi de les aig\u00fces a tots els punts que siga necessari per a garantir que les nostres s\u00e9quies no estan contaminades i que, per tant, la nostra horta pot regar-se amb aigua de qualitat i que les nostres platges no es contaminen\u201d.<\/p>\n\n<p>En aquest sentit, ha assegurat que la falta d&#8217;actuaci\u00f3 davant aquest episodi reflecteix un \u201cpreocupant desistiment de funcions\u201d i evid\u00e8ncia un model de ciutat que \u201cdona l&#8217;esquena a la sostenibilitat i a la salut p\u00fablica\u201d. Aix\u00ed mateix, han reclamat una intervenci\u00f3 immediata, transpar\u00e8ncia en els resultats de les an\u00e0lisis i la depuraci\u00f3 de responsabilitats.<\/p>\n\n<p>Finalment, han advertit que la situaci\u00f3 de les s\u00e9quies no \u00e9s un fet a\u00efllat, sin\u00f3 una conseq\u00fc\u00e8ncia directa d&#8217;una pol\u00edtica ambiental \u201cinexistent\u201d, marcada pel negacionisme i la falta de planificaci\u00f3, que situa a Val\u00e8ncia \u201cmolt lluny dels est\u00e0ndards europeus en protecci\u00f3 ambiental i lluita contra el canvi clim\u00e0tic\u201d.<\/p>\n","protected":false},"excerpt":{"rendered":"<p>(Val\u00e8ncia, 27\/4\/2026) La regidora socialista Elisa Val\u00eda ha advertit del \u201caband\u00f3 evident\u201d que pateix la ciutat en mat\u00e8ria mediambiental i ha assenyalat directament al govern de Mar\u00eda Jos\u00e9 Catal\u00e1 per no actuar davant un abocament contaminant detectat en les s\u00e9quies que discorren per Benimaclet. V\u00e0lua ha emmarcat aquesta situaci\u00f3 dins d&#8217;una pol\u00edtica general de \u201cnegacionisme [&hellip;]<\/p>\n","protected":false},"author":2,"featured_media":12565,"comment_status":"open","ping_status":"closed","sticky":false,"template":"","format":"standard","meta":{"_acf_changed":false,"footnotes":""},"categories":[47,21],"tags":[50,49],"class_list":["post-12568","post","type-post","status-publish","format-standard","has-post-thumbnail","hentry","category-nota-de-prensa-va","category-noticia-va","tag-pspv-psoe-va","tag-socialistes"],"acf":[],"_links":{"self":[{"href":"https:\/\/pspv-psoevalencia.org\/va\/wp-json\/wp\/v2\/posts\/12568","targetHints":{"allow":["GET"]}}],"collection":[{"href":"https:\/\/pspv-psoevalencia.org\/va\/wp-json\/wp\/v2\/posts"}],"about":[{"href":"https:\/\/pspv-psoevalencia.org\/va\/wp-json\/wp\/v2\/types\/post"}],"author":[{"embeddable":true,"href":"https:\/\/pspv-psoevalencia.org\/va\/wp-json\/wp\/v2\/users\/2"}],"replies":[{"embeddable":true,"href":"https:\/\/pspv-psoevalencia.org\/va\/wp-json\/wp\/v2\/comments?post=12568"}],"version-history":[{"count":1,"href":"https:\/\/pspv-psoevalencia.org\/va\/wp-json\/wp\/v2\/posts\/12568\/revisions"}],"predecessor-version":[{"id":12569,"href":"https:\/\/pspv-psoevalencia.org\/va\/wp-json\/wp\/v2\/posts\/12568\/revisions\/12569"}],"wp:featuredmedia":[{"embeddable":true,"href":"https:\/\/pspv-psoevalencia.org\/va\/wp-json\/wp\/v2\/media\/12565"}],"wp:attachment":[{"href":"https:\/\/pspv-psoevalencia.org\/va\/wp-json\/wp\/v2\/media?parent=12568"}],"wp:term":[{"taxonomy":"category","embeddable":true,"href":"https:\/\/pspv-psoevalencia.org\/va\/wp-json\/wp\/v2\/categories?post=12568"},{"taxonomy":"post_tag","embeddable":true,"href":"https:\/\/pspv-psoevalencia.org\/va\/wp-json\/wp\/v2\/tags?post=12568"}],"curies":[{"name":"wp","href":"https:\/\/api.w.org\/{rel}","templated":true}]}}