{"id":12561,"date":"2026-04-25T09:09:29","date_gmt":"2026-04-25T09:09:29","guid":{"rendered":"https:\/\/pspv-psoevalencia.org\/2026\/04\/25\/bernabe-defensa-la-prioritat-veinal-en-orriols-front-labando-dels-barris-de-catala\/"},"modified":"2026-04-27T09:15:22","modified_gmt":"2026-04-27T09:15:22","slug":"bernabe-defensa-la-prioritat-veinal-en-orriols-front-labando-dels-barris-de-catala","status":"publish","type":"post","link":"https:\/\/pspv-psoevalencia.org\/va\/2026\/04\/25\/bernabe-defensa-la-prioritat-veinal-en-orriols-front-labando-dels-barris-de-catala\/","title":{"rendered":"Bernab\u00e9 defensa la \u201cprioritat ve\u00efnal\u201d en Orriols front l&#8217;aband\u00f3 dels barris de Catal\u00e1"},"content":{"rendered":"\n<ul class=\"wp-block-list has-vivid-red-color has-text-color has-link-color has-medium-font-size wp-elements-0ad20154a5b9051d1375b006cc681afb\">\n<li>La secret\u00e0ria general dels socialistes assisteix a l&#8217;acte reivindicatiu dels ve\u00efns \u2018No em contes contes\u2019 per a denunciar els incompliments i retallades del govern del PP en el barri<\/li>\n\n\n\n<li>La candidata a l&#8217;Alcaldia anuncia que recuperar\u00e0 la taula interregidories que Catal\u00e1 ha eliminat i que servia per a poder atendre en primera persona els problemes del barri<\/li>\n\n\n\n<li>\u201cEls barris necessiten un ajuntament que aposte pels seus ve\u00efns i una alcaldessa preocupada per les seues necessitats enfront del govern de Catal\u00e1, que nom\u00e9s vol fer negoci amb la ciutat\u201d<\/li>\n<\/ul>\n\n<p><strong>(Val\u00e8ncia, 25\/04\/2026) La secret\u00e0ria general dels socialistes a Val\u00e8ncia, Pilar Bernab\u00e9, ha defensat aquest mat\u00ed en Orriols la \u201cprioritat ve\u00efnal\u201d que practica el Partit Socialista i que defensar\u00e0 com a alcaldessa \u201cenfront de la prioritat nacional excloent del Partit Popular que nom\u00e9s at\u00e9n els discursos d&#8217;odi i racistes\u201d. Bernab\u00e9 s&#8217;ha manifestat d&#8217;aquesta manera despr\u00e9s d&#8217;assistir a l&#8217;acte organitzat pels ve\u00efns d\u2019Orriols \u2018No em contes contes\u2019 en el qual han denunciat l&#8217;aband\u00f3 al qual sotmet al barri el govern de Catal\u00e1 durant els seus tres anys al capdavant de l&#8217;Ajuntament.<\/strong><\/p>\n\n<p>\u201cLa ciutat de Val\u00e8ncia s\u00f3n els seus barris i Orriols \u00e9s el clar exemple de la difer\u00e8ncia d&#8217;un govern responsable que protegeix la gent com el liderat pels socialistes i el que  lidera Mar\u00eda Jos\u00e9 Catal\u00e1, que est\u00e0 convertint a Val\u00e8ncia en una ciutat hostil. Catal\u00e1 i el PP estan m\u00e9s preocupats a continuar incentivant els apartaments tur\u00edstics que substitueixen al comer\u00e7 tradicional o que uns pocs puguen fer negoci amb l&#8217;habitatge que a atendre les necessitats dels seus barris. Volen fer negoci amb aquesta ciutat i no li ho permetrem\u201d, ha assenyalat.<\/p>\n\n<p>En aquest sentit, ha destacat que quan siga alcaldessa recuperar\u00e0 les taules interregidories que Catal\u00e1 ha eliminat i on es permetia als ve\u00efns exposar les necessitats del barri com la biblioteca, la plantaci\u00f3 d&#8217;arbres, el poliesportiu, la superilla per als ve\u00efns o la seguretat. <\/p>\n\n<p>\u201cNo pot ser que Orriols seguisca tres anys despr\u00e9s amb una biblioteca min\u00fascula, amb la piscina tancada ja dos anys, amb una *supermanzana convertida en un p\u00e0rquing o sense una cosa tan b\u00e0sica com posar arbres i zones verdes. Orriols necessita un Ajuntament que aposte pels ve\u00efns i les ve\u00efnes, necessita pol\u00edtiques concretes i necessita alcaldesses preocupades que entenguen aquest barri, que el coneguen i que s&#8217;atrevisquen a vindre a aquest barri en lloc d&#8217;una alcaldessa que retalla inversions, serveis socials i que mant\u00e9 340 places sense cobrir de la Policia Local malgrat les necessitats que tenen tots els barris de la ciutat\u201d, ha finalitzat.<\/p>\n","protected":false},"excerpt":{"rendered":"<p>(Val\u00e8ncia, 25\/04\/2026) La secret\u00e0ria general dels socialistes a Val\u00e8ncia, Pilar Bernab\u00e9, ha defensat aquest mat\u00ed en Orriols la \u201cprioritat ve\u00efnal\u201d que practica el Partit Socialista i que defensar\u00e0 com a alcaldessa \u201cenfront de la prioritat nacional excloent del Partit Popular que nom\u00e9s at\u00e9n els discursos d&#8217;odi i racistes\u201d. Bernab\u00e9 s&#8217;ha manifestat d&#8217;aquesta manera despr\u00e9s d&#8217;assistir [&hellip;]<\/p>\n","protected":false},"author":2,"featured_media":12559,"comment_status":"open","ping_status":"closed","sticky":true,"template":"","format":"standard","meta":{"_acf_changed":false,"footnotes":""},"categories":[47,21,23,22],"tags":[74,325,2044,2077,50,49],"class_list":["post-12561","post","type-post","status-publish","format-standard","has-post-thumbnail","hentry","category-nota-de-prensa-va","category-noticia-va","category-sandra_dia-va","category-sandra-reflexiones-va","tag-gestio","tag-orriols-va","tag-pilar-bernabe-va","tag-pilar-bernabe-2","tag-pspv-psoe-va","tag-socialistes"],"acf":[],"_links":{"self":[{"href":"https:\/\/pspv-psoevalencia.org\/va\/wp-json\/wp\/v2\/posts\/12561","targetHints":{"allow":["GET"]}}],"collection":[{"href":"https:\/\/pspv-psoevalencia.org\/va\/wp-json\/wp\/v2\/posts"}],"about":[{"href":"https:\/\/pspv-psoevalencia.org\/va\/wp-json\/wp\/v2\/types\/post"}],"author":[{"embeddable":true,"href":"https:\/\/pspv-psoevalencia.org\/va\/wp-json\/wp\/v2\/users\/2"}],"replies":[{"embeddable":true,"href":"https:\/\/pspv-psoevalencia.org\/va\/wp-json\/wp\/v2\/comments?post=12561"}],"version-history":[{"count":1,"href":"https:\/\/pspv-psoevalencia.org\/va\/wp-json\/wp\/v2\/posts\/12561\/revisions"}],"predecessor-version":[{"id":12562,"href":"https:\/\/pspv-psoevalencia.org\/va\/wp-json\/wp\/v2\/posts\/12561\/revisions\/12562"}],"wp:featuredmedia":[{"embeddable":true,"href":"https:\/\/pspv-psoevalencia.org\/va\/wp-json\/wp\/v2\/media\/12559"}],"wp:attachment":[{"href":"https:\/\/pspv-psoevalencia.org\/va\/wp-json\/wp\/v2\/media?parent=12561"}],"wp:term":[{"taxonomy":"category","embeddable":true,"href":"https:\/\/pspv-psoevalencia.org\/va\/wp-json\/wp\/v2\/categories?post=12561"},{"taxonomy":"post_tag","embeddable":true,"href":"https:\/\/pspv-psoevalencia.org\/va\/wp-json\/wp\/v2\/tags?post=12561"}],"curies":[{"name":"wp","href":"https:\/\/api.w.org\/{rel}","templated":true}]}}